{"id":97924,"date":"2025-11-23T14:33:08","date_gmt":"2025-11-23T14:33:08","guid":{"rendered":"https:\/\/www.europesays.com\/fi\/97924\/"},"modified":"2025-11-23T14:33:08","modified_gmt":"2025-11-23T14:33:08","slug":"norjalaisyliopiston-opiskelijat-olivat-matkalla-suomeen-kun-bussi-suistui-ojaan-ruotsissa-parikymmenta-yha-sairaalassa-uutissuomalainen","status":"publish","type":"post","link":"https:\/\/www.europesays.com\/fi\/97924\/","title":{"rendered":"Norjalaisyliopiston opiskelijat olivat matkalla Suomeen, kun bussi suistui ojaan Ruotsissa \u2013 parikymment\u00e4 yh\u00e4 sairaalassa | Uutissuomalainen"},"content":{"rendered":"<p>Ruotsissa 23 ihmist\u00e4 on sairaalassa maan pohjoisosassa lauantaina tapahtuneen bussiturman j\u00e4ljilt\u00e4.<\/p>\n<p>V\u00e4sterbottenin alue kertoo <a href=\"https:\/\/www.regionvasterbotten.se\/bussolycka-pa-e45\" rel=\"nofollow noopener\" target=\"_blank\">tiedotteessaan<\/a>, ett\u00e4 sairaalassa olevista osalla on vakavia vammoja, mutta kukaan ei ole hengenvaarassa. Turmassa loukkaantui kaikkiaan 56 ihmist\u00e4.<\/p>\n<p>Onnettomuus tapahtui lauantaiaamuna Pohjois-Ruotsissa E45-tiell\u00e4 V\u00e4sterbottenin alueella. Turmassa suomalaisen matkanj\u00e4rjest\u00e4j\u00e4n Saaga Travelin bussi suistui tielt\u00e4 kyljelleen. Ruotsalaisen uutistoimisto TT:n mukaan bussin kyydiss\u00e4 oli vaihto-opiskelijoita useasta eri maasta.<\/p>\n<p>Opiskelijat olivat Norjan teknis-luonnontieteellisen yliopiston opiskelijoita. Trondheimissa toimiva yliopisto kertoi asiasta <a href=\"https:\/\/www.ntnu.no\/alert\" rel=\"nofollow noopener\" target=\"_blank\">verkkosivuillaan<\/a>.<\/p>\n<p>Yliopiston mukaan opiskelijoita oli matkalla Suomen Lappiin kahdella bussilla. Busseista toinen jatkoi matkaansa Lappiin suunnitellusti. Onnettomuusbussissa olleille opiskelijoille, jotka eiv\u00e4t loukkaantuneet turmassa, tarjottiin mahdollisuutta palata Trondheimiin.<\/p>\n<p>\u2013\u2009Olemme ennen kaikkea helpottuneita siit\u00e4, ettei kukaan kuollut onnettomuudessa, yliopiston edustaja Audun Gr\u00f6m sanoi tiedotteessa.<\/p>\n<p>\u2013\u2009Ruotsista meille kerrotun perusteella loukkaantuneita on joka tapauksessa paljon. Pyrimme nyt huolehtimaan opiskelijoistamme ja heid\u00e4n l\u00e4heisist\u00e4\u00e4n parhaalla mahdollisella tavalla.<\/p>\n","protected":false},"excerpt":{"rendered":"Ruotsissa 23 ihmist\u00e4 on sairaalassa maan pohjoisosassa lauantaina tapahtuneen bussiturman j\u00e4ljilt\u00e4. V\u00e4sterbottenin alue kertoo tiedotteessaan, ett\u00e4 sairaalassa olevista&hellip;\n","protected":false},"author":2,"featured_media":83354,"comment_status":"","ping_status":"","sticky":false,"template":"","format":"standard","meta":{"footnotes":""},"categories":[12],"tags":[22,23,26,27,33,31,30,17,2187,24,25,121,990,28,29,923,15,837,18,21,2461,32,679,19,20,16],"class_list":{"0":"post-97924","1":"post","2":"type-post","3":"status-publish","4":"format-standard","5":"has-post-thumbnail","7":"category-suomi","8":"tag-breaking-news","9":"tag-breakingnews","10":"tag-featured-news","11":"tag-featurednews","12":"tag-fi","13":"tag-finland","14":"tag-finnish","15":"tag-headlines","16":"tag-kulkuneuvot","17":"tag-latest-news","18":"tag-latestnews","19":"tag-liikenne-ja-kuljetus","20":"tag-liikenneonnettomuudet","21":"tag-main-news","22":"tag-mainnews","23":"tag-matkustaminen","24":"tag-news","25":"tag-onnettomuudet","26":"tag-otsikot","27":"tag-paauutiset","28":"tag-sairaalat-ja-terveyskeskukset","29":"tag-suomi","30":"tag-terveydenhuollon-toimintalaitokset","31":"tag-top-stories","32":"tag-topstories","33":"tag-uutiset"},"share_on_mastodon":{"url":"","error":"Validation failed: Text character limit of 500 exceeded"},"_links":{"self":[{"href":"https:\/\/www.europesays.com\/fi\/wp-json\/wp\/v2\/posts\/97924","targetHints":{"allow":["GET"]}}],"collection":[{"href":"https:\/\/www.europesays.com\/fi\/wp-json\/wp\/v2\/posts"}],"about":[{"href":"https:\/\/www.europesays.com\/fi\/wp-json\/wp\/v2\/types\/post"}],"author":[{"embeddable":true,"href":"https:\/\/www.europesays.com\/fi\/wp-json\/wp\/v2\/users\/2"}],"replies":[{"embeddable":true,"href":"https:\/\/www.europesays.com\/fi\/wp-json\/wp\/v2\/comments?post=97924"}],"version-history":[{"count":0,"href":"https:\/\/www.europesays.com\/fi\/wp-json\/wp\/v2\/posts\/97924\/revisions"}],"wp:featuredmedia":[{"embeddable":true,"href":"https:\/\/www.europesays.com\/fi\/wp-json\/wp\/v2\/media\/83354"}],"wp:attachment":[{"href":"https:\/\/www.europesays.com\/fi\/wp-json\/wp\/v2\/media?parent=97924"}],"wp:term":[{"taxonomy":"category","embeddable":true,"href":"https:\/\/www.europesays.com\/fi\/wp-json\/wp\/v2\/categories?post=97924"},{"taxonomy":"post_tag","embeddable":true,"href":"https:\/\/www.europesays.com\/fi\/wp-json\/wp\/v2\/tags?post=97924"}],"curies":[{"name":"wp","href":"https:\/\/api.w.org\/{rel}","templated":true}]}}