{"id":97925,"date":"2025-11-23T14:34:09","date_gmt":"2025-11-23T14:34:09","guid":{"rendered":"https:\/\/www.europesays.com\/fi\/97925\/"},"modified":"2025-11-23T14:34:09","modified_gmt":"2025-11-23T14:34:09","slug":"vihreiden-ja-perussuomalaisten-nuorille-uudet-puheenjohtajat-toinen-tampereelta","status":"publish","type":"post","link":"https:\/\/www.europesays.com\/fi\/97925\/","title":{"rendered":"Vihreiden ja perus\u00adsuomalaisten nuorille uudet puheen\u00adjohtajat, toinen Tampereelta"},"content":{"rendered":"<p>Perussuomalaisen nuorison puheenjohtajaksi nousee Elias Roseng\u00e9n. Vihreiden nuorten ja opiskelijoiden liiton uusi puheenjohtaja on puolestaan Maria Saita.<\/p>\n<p class=\"article-body mb-nof-24 px-nof-16\">Perussuomalaisten ja vihreiden nuorisoj\u00e4rjest\u00f6t valitsivat viikonloppuna itselleen uuden johdon.<\/p>\n<p class=\"article-body mb-nof-24 px-nof-16\">Perussuomalaisen nuorison puheenjohtajaksi nousee <a class=\"article-personlink\" href=\"https:\/\/www.aamulehti.fi\/haku\/?query=Elias%20Roseng%C3%A9n\" rel=\"nofollow noopener\" target=\"_blank\">Elias Roseng\u00e9n<\/a>.<\/p>\n<p class=\"article-body mb-nof-24 px-nof-16\">H\u00e4n on toiminut t\u00e4h\u00e4n saakka j\u00e4rjest\u00f6sihteerin\u00e4 yhdistyksess\u00e4. Rosengr\u00e9n on kotoisin Tampereelta, 26-vuotias ja koulutukseltaan yhteiskuntatieteiden maisteri.<\/p>\n<p class=\"article-body mb-nof-24 px-nof-16\">Rosngr\u00e9nia teht\u00e4v\u00e4ss\u00e4 edelsi <a class=\"article-personlink\" href=\"https:\/\/www.aamulehti.fi\/haku\/?query=Lauri%20Laitinen\" rel=\"nofollow noopener\" target=\"_blank\">Lauri Laitinen<\/a>.<\/p>\n<p class=\"article-body mb-nof-24 px-nof-16\">Vihreiden nuorten ja opiskelijoiden liitto puolestaan valitsi lauantaina uudeksi puheenjohtajakseen <a class=\"article-personlink\" href=\"https:\/\/www.aamulehti.fi\/haku\/?query=Maria%20Saitan\" rel=\"nofollow noopener\" target=\"_blank\">Maria Saitan<\/a>.<\/p>\n<p class=\"article-body mb-nof-24 px-nof-16\">Espoosta kotoisin oleva 25-vuotias Saita opiskelee hallintotieteit\u00e4 Vaasan yliopistossa.<\/p>\n<p class=\"article-body mb-nof-24 px-nof-16\">H\u00e4n toimii Espoon kaupunginvaltuutettuna ja ymp\u00e4rist\u00f6- ja rakennuslautakunnan puheenjohtajana sek\u00e4 vara-aluevaltuutettuna L\u00e4nsi-Uudellamaalla.<\/p>\n<p class=\"article-body mb-nof-24 px-nof-16\">Saita on ensimm\u00e4inen puheenjohtaja, joka aloittaa kautensa ilman puheenjohtajaparia. Vihre\u00e4t nuoret p\u00e4\u00e4tti luopua kahden puheenjohtajan mallista vuonna 2024.<\/p>\n<p class=\"article-body mb-nof-24 px-nof-16\">Aiemmin liiton johdossa toimivat <a class=\"article-personlink\" href=\"https:\/\/www.aamulehti.fi\/haku\/?query=Miro%20Iivonen\" rel=\"nofollow noopener\" target=\"_blank\">Miro Iivonen<\/a> ja <a class=\"article-personlink\" href=\"https:\/\/www.aamulehti.fi\/haku\/?query=Selin%C3%A4%20Nera\" rel=\"nofollow noopener\" target=\"_blank\">Selin\u00e4 Nera<\/a>.<\/p>\n","protected":false},"excerpt":{"rendered":"Perussuomalaisen nuorison puheenjohtajaksi nousee Elias Roseng\u00e9n. Vihreiden nuorten ja opiskelijoiden liiton uusi puheenjohtaja on puolestaan Maria Saita. Perussuomalaisten&hellip;\n","protected":false},"author":2,"featured_media":1431,"comment_status":"","ping_status":"","sticky":false,"template":"","format":"standard","meta":{"footnotes":""},"categories":[5],"tags":[157,22,23,26,27,33,31,30,17,24,25,28,29,15,18,21,32,19,20,16],"class_list":{"0":"post-97925","1":"post","2":"type-post","3":"status-publish","4":"format-standard","5":"has-post-thumbnail","7":"category-otsikot","8":"tag-aamulehti","9":"tag-breaking-news","10":"tag-breakingnews","11":"tag-featured-news","12":"tag-featurednews","13":"tag-fi","14":"tag-finland","15":"tag-finnish","16":"tag-headlines","17":"tag-latest-news","18":"tag-latestnews","19":"tag-main-news","20":"tag-mainnews","21":"tag-news","22":"tag-otsikot","23":"tag-paauutiset","24":"tag-suomi","25":"tag-top-stories","26":"tag-topstories","27":"tag-uutiset"},"share_on_mastodon":{"url":"","error":""},"_links":{"self":[{"href":"https:\/\/www.europesays.com\/fi\/wp-json\/wp\/v2\/posts\/97925","targetHints":{"allow":["GET"]}}],"collection":[{"href":"https:\/\/www.europesays.com\/fi\/wp-json\/wp\/v2\/posts"}],"about":[{"href":"https:\/\/www.europesays.com\/fi\/wp-json\/wp\/v2\/types\/post"}],"author":[{"embeddable":true,"href":"https:\/\/www.europesays.com\/fi\/wp-json\/wp\/v2\/users\/2"}],"replies":[{"embeddable":true,"href":"https:\/\/www.europesays.com\/fi\/wp-json\/wp\/v2\/comments?post=97925"}],"version-history":[{"count":0,"href":"https:\/\/www.europesays.com\/fi\/wp-json\/wp\/v2\/posts\/97925\/revisions"}],"wp:featuredmedia":[{"embeddable":true,"href":"https:\/\/www.europesays.com\/fi\/wp-json\/wp\/v2\/media\/1431"}],"wp:attachment":[{"href":"https:\/\/www.europesays.com\/fi\/wp-json\/wp\/v2\/media?parent=97925"}],"wp:term":[{"taxonomy":"category","embeddable":true,"href":"https:\/\/www.europesays.com\/fi\/wp-json\/wp\/v2\/categories?post=97925"},{"taxonomy":"post_tag","embeddable":true,"href":"https:\/\/www.europesays.com\/fi\/wp-json\/wp\/v2\/tags?post=97925"}],"curies":[{"name":"wp","href":"https:\/\/api.w.org\/{rel}","templated":true}]}}