{"id":97926,"date":"2025-11-23T14:46:07","date_gmt":"2025-11-23T14:46:07","guid":{"rendered":"https:\/\/www.europesays.com\/fi\/97926\/"},"modified":"2025-11-23T14:46:07","modified_gmt":"2025-11-23T14:46:07","slug":"ariana-grandeen-tarttunut-mies-karkotettiin-singaporesta","status":"publish","type":"post","link":"https:\/\/www.europesays.com\/fi\/97926\/","title":{"rendered":"Ariana Grandeen tarttunut mies karkotettiin Singaporesta"},"content":{"rendered":"<p>Marraskuun 13. p\u00e4iv\u00e4 pidetyss\u00e4 Wicked: For Good-elokuvan Aasian ensi-illassa sattui h\u00e4lytt\u00e4v\u00e4 v\u00e4likohtaus. Australialainen mies rynt\u00e4si valokuvaajien ohitse suoraan Glindaa n\u00e4yttelev\u00e4n <strong>Ariana Granden<\/strong> luo tarttuen t\u00e4t\u00e4 hartioista. Vastan\u00e4yttelij\u00e4 <strong>Cynthia Erivo <\/strong>kiisi heti puolustamaan Grandea kiskaisten miehen irti h\u00e4nest\u00e4.<\/p>\n<p>Lue my\u00f6s: <a href=\"https:\/\/www.voice.fi\/viihde\/wicked-for-good-teki-huikean-taikatempun-yleiso-rakastaa-tata-elokuvaa\" title=\"Wicked: For Good teki huikean taikatempun: \u201dYleis\u00f6 rakastaa t\u00e4t\u00e4 elokuvaa\u201d\" class=\"underline-custom !font-montserrat !font-bold !underline-offset-4 !decoration-4 !decoration-tilt-light !text-md\" rel=\"nofollow noopener\" target=\"_blank\">Wicked: For Good teki huikean taikatempun: \u201dYleis\u00f6 rakastaa t\u00e4t\u00e4 elokuvaa\u201d<\/a><\/p>\n<p>BBC:n mukaan tapahtuma on her\u00e4tt\u00e4nyt laajalti huomiota sosiaalisessa mediassa ja saanut jopa viralliset tahot ottamaan kovat keinot k\u00e4ytt\u00f6\u00f6n. Johnson Wen niminen mies m\u00e4\u00e4r\u00e4ttiin yhdeks\u00e4n p\u00e4iv\u00e4n vankilarangaistukseen julkisesta h\u00e4irinn\u00e4st\u00e4.<\/p>\n<p>Nyt 26-vuotias mies on \u201dkielletty palaamasta Singaporeen\u201d, kertoo Singaporen maahanmuutto- ja rajatarkastusvirasto (ICA) paikallismedioille. Wenill\u00e4 on historiaa vastaavanlaisesta h\u00e4irinn\u00e4st\u00e4 \u2013 viimeksi hein\u00e4kuussa h\u00e4n kiipesi lavalle <strong>Katy Perryn<\/strong> keikalla.<\/p>\n<p>Lue my\u00f6s: <a href=\"https:\/\/www.voice.fi\/viihde\/a-237697\" title=\"Viime vuoden j\u00e4ttim\u00e4inen elokuvatapaus saa jatkoa marraskuussa\" class=\"underline-custom !font-montserrat !font-bold !underline-offset-4 !decoration-4 !decoration-tilt-light !text-md\" rel=\"nofollow noopener\" target=\"_blank\">Viime vuoden j\u00e4ttim\u00e4inen elokuvatapaus saa jatkoa marraskuussa<\/a><\/p>\n<p>Tapaus n\u00e4rk\u00e4stytti ihmisi\u00e4 kovasti, sill\u00e4 monen mukaan Wenin h\u00e4irint\u00e4 uudelleen traumatisoi Grandea. Hollywood-t\u00e4hti on puhunut avoimesti posttraumaattisesta stressireaktiostaan, joka syntyi vuonna 2017 h\u00e4nen konsertissaan tapahtuneen terrori-iskun j\u00e4ljilt\u00e4. Manchesterissa tapahtuneessa iskussa menehtyi 22 ihmist\u00e4 ja satoja loukkaantui.<\/p>\n<p>Lue my\u00f6s: <a href=\"https:\/\/www.voice.fi\/ilmiot\/a-144677\" title=\"Terroristit iskiv\u00e4t Ariana Granden konserttiin Englannissa \u2013 Twitter t\u00e4yttyi suruviesteist\u00e4\" class=\"underline-custom !font-montserrat !font-bold !underline-offset-4 !decoration-4 !decoration-tilt-light !text-md\" rel=\"nofollow noopener\" target=\"_blank\">Terroristit iskiv\u00e4t Ariana Granden konserttiin Englannissa \u2013 Twitter t\u00e4yttyi suruviesteist\u00e4<\/a><\/p>\n<p><a href=\"https:\/\/www.bbc.com\/news\/articles\/cpd6qey9e4zo\" rel=\"nofollow noopener\" target=\"_blank\">L\u00e4hde: BBC<\/a><\/p>\n","protected":false},"excerpt":{"rendered":"Marraskuun 13. p\u00e4iv\u00e4 pidetyss\u00e4 Wicked: For Good-elokuvan Aasian ensi-illassa sattui h\u00e4lytt\u00e4v\u00e4 v\u00e4likohtaus. Australialainen mies rynt\u00e4si valokuvaajien ohitse suoraan&hellip;\n","protected":false},"author":2,"featured_media":97927,"comment_status":"","ping_status":"","sticky":false,"template":"","format":"standard","meta":{"footnotes":""},"categories":[136],"tags":[11681,407,137,33,31,30,408,5081,32,109,11685],"class_list":{"0":"post-97926","1":"post","2":"type-post","3":"status-publish","4":"format-standard","5":"has-post-thumbnail","7":"category-julkkikset","8":"tag-ariana-grande","9":"tag-celebrities","10":"tag-entertainment","11":"tag-fi","12":"tag-finland","13":"tag-finnish","14":"tag-julkkikset","15":"tag-singapore","16":"tag-suomi","17":"tag-viihde","18":"tag-wicked-for-good"},"share_on_mastodon":{"url":"https:\/\/pubeurope.com\/@fi\/115599558778410887","error":""},"_links":{"self":[{"href":"https:\/\/www.europesays.com\/fi\/wp-json\/wp\/v2\/posts\/97926","targetHints":{"allow":["GET"]}}],"collection":[{"href":"https:\/\/www.europesays.com\/fi\/wp-json\/wp\/v2\/posts"}],"about":[{"href":"https:\/\/www.europesays.com\/fi\/wp-json\/wp\/v2\/types\/post"}],"author":[{"embeddable":true,"href":"https:\/\/www.europesays.com\/fi\/wp-json\/wp\/v2\/users\/2"}],"replies":[{"embeddable":true,"href":"https:\/\/www.europesays.com\/fi\/wp-json\/wp\/v2\/comments?post=97926"}],"version-history":[{"count":0,"href":"https:\/\/www.europesays.com\/fi\/wp-json\/wp\/v2\/posts\/97926\/revisions"}],"wp:featuredmedia":[{"embeddable":true,"href":"https:\/\/www.europesays.com\/fi\/wp-json\/wp\/v2\/media\/97927"}],"wp:attachment":[{"href":"https:\/\/www.europesays.com\/fi\/wp-json\/wp\/v2\/media?parent=97926"}],"wp:term":[{"taxonomy":"category","embeddable":true,"href":"https:\/\/www.europesays.com\/fi\/wp-json\/wp\/v2\/categories?post=97926"},{"taxonomy":"post_tag","embeddable":true,"href":"https:\/\/www.europesays.com\/fi\/wp-json\/wp\/v2\/tags?post=97926"}],"curies":[{"name":"wp","href":"https:\/\/api.w.org\/{rel}","templated":true}]}}