{"id":97949,"date":"2025-11-23T15:23:10","date_gmt":"2025-11-23T15:23:10","guid":{"rendered":"https:\/\/www.europesays.com\/fi\/97949\/"},"modified":"2025-11-23T15:23:10","modified_gmt":"2025-11-23T15:23:10","slug":"radio-uutisviikko-selkosuomeksi-sunnuntai-23-11-2025-yle","status":"publish","type":"post","link":"https:\/\/www.europesays.com\/fi\/97949\/","title":{"rendered":"Radio | Uutisviikko selkosuomeksi | sunnuntai 23.11.2025 &#8211; Yle"},"content":{"rendered":"<ol>\n<li><a href=\"https:\/\/news.google.com\/rss\/articles\/CBMiQkFVX3lxTE5YVXhKaWgzbk1kUTVMci1QYWN0RXF1LVM1VGd2ZXRzWDZ3dWR2VUlBUTRLNEU0NWRBbzlBUzk4R2M4Zw?oc=5\" target=\"_blank\" rel=\"nofollow noopener\">Radio | Uutisviikko selkosuomeksi | sunnuntai 23.11.2025<\/a>&nbsp;&nbsp;Yle<\/li>\n<li><a href=\"https:\/\/news.google.com\/rss\/articles\/CBMihwFBVV95cUxQdEtITU1nbUtNY041ell2YVFMcEt5Vm9nV0RyLUt5TE5LemNyNE1JYXpXRHh5ZmgtRGd0c291RmlkN3NXTEd5U0NFdkxXX2VBM3hFaVpKMDA3bndjb1JlN1Q2YWVVUzNEZ2ZVZ21IT01qWWVHbndkRXFGSGNFWGQtMUdJS1c3OWM?oc=5\" target=\"_blank\" rel=\"nofollow noopener\">Leikkeleiden myynti laski \u2013 Nyt leiv\u00e4lle laitetaan n\u00e4it\u00e4 p\u00e4\u00e4llisi\u00e4<\/a>&nbsp;&nbsp;Iltalehti<\/li>\n<li><a href=\"https:\/\/news.google.com\/rss\/articles\/CBMiqwFBVV95cUxOVy1TN00teDR4eW5tT2Q0dXdsUWw3ZHhQRlpQdmxIMGJsQW9fLVZPY1dkRFd1TlNzLTBzMm9KVWJmV3JyNjJqdWpsV1lrQWJPTWdjbHhJOWZEZm9oNzI5TFU1UmVtdWdxeF9SZmxCMHRJbm9Lc1pnUElZT19rNU5JSlViWlpvZm1YN1RZZjhOM1Bib0ZvWXJJQ2VvX2VmQm9Jem9GaDFEZEFjT0k?oc=5\" target=\"_blank\" rel=\"nofollow noopener\">IL: N\u00e4in uudistetut ravitsemussuositukset n\u00e4kyv\u00e4t suomalaisten ostoskoreissa<\/a>&nbsp;&nbsp;Verkkouutiset<\/li>\n<li><a href=\"https:\/\/news.google.com\/rss\/articles\/CBMi4AFBVV95cUxNaVVwazVSR3BoRjlWdkY3cXlQREtMY3JobkE0SUdjRTZNWnBPVDhwUlI0RzJDY21iWTlsNDJ2ZzlIOU5VM00tWnlXYXFSVy01YTY3LVozMGh0c09vMVFJbDRHaUczQk5LOUhITzZGR2RWdThUVVVCdEZaX1pSRFI4MDdieU93MEV0Q0lGWU9aVkx3akpNQzJ2TW9HSUR3TFpuclVTak9RaGRabklSaTN0Y3Z1OWxER3d4dVdveW1lUWdOV1pqRXB0SkdUX1lvMFZVNXJnbHRULWttd1JHZDNPRA?oc=5\" target=\"_blank\" rel=\"nofollow noopener\">Leikkeleraivo vaikuttaa ostoskoreihin \u2013 n\u00e4in uudet ravitsemussuositukset n\u00e4kyv\u00e4t kaupan myyntidatassa<\/a>&nbsp;&nbsp;MarkkinointiUutiset<\/li>\n<li><a href=\"https:\/\/news.google.com\/rss\/articles\/CBMihwFBVV95cUxNVkl4SndFaXg3UGpnVHdVd3BoMjRvQ2JOcmxacXlXYmpfcXN2ZkdOTEhWc1JJREhMeENDYnJ5LUo3bm1PSFBEQ3FETUNUcHN4aU1Uemk1bTJWZkYxVnpITEtGb2xkN0Z4UkVpa1Y2TjZjU0FzOHp6ZzFZOEZrQjJ5eUF1U1gwWVE?oc=5\" target=\"_blank\" rel=\"nofollow noopener\">Ruokasuositukset n\u00e4kyv\u00e4t ostoskorissa \u2013 n\u00e4iden tuotteiden kulutus on laskenut<\/a>&nbsp;&nbsp;Maaseudun Tulevaisuus<\/li>\n<\/ol>\n","protected":false},"excerpt":{"rendered":"Radio | Uutisviikko selkosuomeksi | sunnuntai 23.11.2025&nbsp;&nbsp;Yle Leikkeleiden myynti laski \u2013 Nyt leiv\u00e4lle laitetaan n\u00e4it\u00e4 p\u00e4\u00e4llisi\u00e4&nbsp;&nbsp;Iltalehti IL: N\u00e4in&hellip;\n","protected":false},"author":2,"featured_media":97950,"comment_status":"","ping_status":"","sticky":false,"template":"","format":"standard","meta":{"footnotes":""},"categories":[76],"tags":[79,77,33,31,30,32,78,13126],"class_list":{"0":"post-97949","1":"post","2":"type-post","3":"status-publish","4":"format-standard","5":"has-post-thumbnail","7":"category-talous","8":"tag-business","9":"tag-economy","10":"tag-fi","11":"tag-finland","12":"tag-finnish","13":"tag-suomi","14":"tag-talous","15":"tag-yle-uutiset-selkosuomeksi"},"share_on_mastodon":{"url":"https:\/\/pubeurope.com\/@fi\/115599704331112130","error":""},"_links":{"self":[{"href":"https:\/\/www.europesays.com\/fi\/wp-json\/wp\/v2\/posts\/97949","targetHints":{"allow":["GET"]}}],"collection":[{"href":"https:\/\/www.europesays.com\/fi\/wp-json\/wp\/v2\/posts"}],"about":[{"href":"https:\/\/www.europesays.com\/fi\/wp-json\/wp\/v2\/types\/post"}],"author":[{"embeddable":true,"href":"https:\/\/www.europesays.com\/fi\/wp-json\/wp\/v2\/users\/2"}],"replies":[{"embeddable":true,"href":"https:\/\/www.europesays.com\/fi\/wp-json\/wp\/v2\/comments?post=97949"}],"version-history":[{"count":0,"href":"https:\/\/www.europesays.com\/fi\/wp-json\/wp\/v2\/posts\/97949\/revisions"}],"wp:featuredmedia":[{"embeddable":true,"href":"https:\/\/www.europesays.com\/fi\/wp-json\/wp\/v2\/media\/97950"}],"wp:attachment":[{"href":"https:\/\/www.europesays.com\/fi\/wp-json\/wp\/v2\/media?parent=97949"}],"wp:term":[{"taxonomy":"category","embeddable":true,"href":"https:\/\/www.europesays.com\/fi\/wp-json\/wp\/v2\/categories?post=97949"},{"taxonomy":"post_tag","embeddable":true,"href":"https:\/\/www.europesays.com\/fi\/wp-json\/wp\/v2\/tags?post=97949"}],"curies":[{"name":"wp","href":"https:\/\/api.w.org\/{rel}","templated":true}]}}