{"id":97951,"date":"2025-11-23T15:24:08","date_gmt":"2025-11-23T15:24:08","guid":{"rendered":"https:\/\/www.europesays.com\/fi\/97951\/"},"modified":"2025-11-23T15:24:08","modified_gmt":"2025-11-23T15:24:08","slug":"yli-50-lasta-onnistui-pakenemaan-sieppaajilta-nigeriassa-uutisia-lyhyesti","status":"publish","type":"post","link":"https:\/\/www.europesays.com\/fi\/97951\/","title":{"rendered":"Yli 50 lasta onnistui pakenemaan sieppaajilta Nigeriassa | Uutisia lyhyesti"},"content":{"rendered":"<p class=\"aw-1gybjub aw-1p7kakr kEtdKx cEmitX yle__article__paragraph\">Ainakin 50 siepattua lasta on onnistunut pakenemaan, kertoo kristillist\u00e4 ty\u00f6t\u00e4 tekev\u00e4 j\u00e4rjest\u00f6 sunnuntaina antamassaan lausunnossa.<\/p>\n<p class=\"aw-1gybjub aw-1p7kakr kEtdKx cEmitX yle__article__paragraph\">Lauantaina Nigerian kristillinen yhdistys tiedotti, ett\u00e4 Keski-Nigeriassa sijaitsevasta St. Mary&#8217;s -koulusta siepattiin yhteens\u00e4 315 henkil\u00f6\u00e4. Kidnappaus tapahtui perjantain vastaisena y\u00f6n\u00e4, ja oppilaat vietiin koulun asuntolasta.<\/p>\n<p class=\"aw-1gybjub aw-1p7kakr kEtdKx cEmitX yle__article__paragraph\">\u2013 Olemme saaneet hyvi\u00e4 uutisia. Ainakin viisikymment\u00e4 oppilasta on paennut sieppaajia ja palannut vanhempiensa luo, Nigerian kristillinen yhdistys totesi lausunnossaan.<\/p>\n<p class=\"aw-1gybjub aw-1p7kakr kEtdKx cEmitX yle__article__paragraph\">J\u00e4rjest\u00f6n mukaan lapset onnistuivat pakenemaan perjantain ja lauantain aikana.<\/p>\n<p class=\"aw-1gybjub aw-1p7kakr kEtdKx cEmitX yle__article__paragraph\">L\u00e4hteet: AFP, Reuters<\/p>\n","protected":false},"excerpt":{"rendered":"Ainakin 50 siepattua lasta on onnistunut pakenemaan, kertoo kristillist\u00e4 ty\u00f6t\u00e4 tekev\u00e4 j\u00e4rjest\u00f6 sunnuntaina antamassaan lausunnossa. Lauantaina Nigerian kristillinen&hellip;\n","protected":false},"author":2,"featured_media":97062,"comment_status":"","ping_status":"","sticky":false,"template":"","format":"standard","meta":{"footnotes":""},"categories":[14],"tags":[8630,22,23,26,27,33,31,30,17,19018,4258,842,1439,19016,24,25,996,28,29,15,8578,18,21,3070,10775,32,19,20,56,19017,16,59,60,61],"class_list":{"0":"post-97951","1":"post","2":"type-post","3":"status-publish","4":"format-standard","5":"has-post-thumbnail","7":"category-ulkomaat","8":"tag-afrikka","9":"tag-breaking-news","10":"tag-breakingnews","11":"tag-featured-news","12":"tag-featurednews","13":"tag-fi","14":"tag-finland","15":"tag-finnish","16":"tag-headlines","17":"tag-kidnappaus","18":"tag-konfliktit","19":"tag-koululaiset","20":"tag-kristinusko","21":"tag-lansi-afrikka","22":"tag-latest-news","23":"tag-latestnews","24":"tag-levottomuudet","25":"tag-main-news","26":"tag-mainnews","27":"tag-news","28":"tag-nigeria","29":"tag-otsikot","30":"tag-paauutiset","31":"tag-panttivangit","32":"tag-sieppausten-uhrit","33":"tag-suomi","34":"tag-top-stories","35":"tag-topstories","36":"tag-ulkomaat","37":"tag-uskonnolliset-jarjestot","38":"tag-uutiset","39":"tag-world","40":"tag-world-news","41":"tag-worldnews"},"share_on_mastodon":{"url":"https:\/\/pubeurope.com\/@fi\/115599708324291729","error":""},"_links":{"self":[{"href":"https:\/\/www.europesays.com\/fi\/wp-json\/wp\/v2\/posts\/97951","targetHints":{"allow":["GET"]}}],"collection":[{"href":"https:\/\/www.europesays.com\/fi\/wp-json\/wp\/v2\/posts"}],"about":[{"href":"https:\/\/www.europesays.com\/fi\/wp-json\/wp\/v2\/types\/post"}],"author":[{"embeddable":true,"href":"https:\/\/www.europesays.com\/fi\/wp-json\/wp\/v2\/users\/2"}],"replies":[{"embeddable":true,"href":"https:\/\/www.europesays.com\/fi\/wp-json\/wp\/v2\/comments?post=97951"}],"version-history":[{"count":0,"href":"https:\/\/www.europesays.com\/fi\/wp-json\/wp\/v2\/posts\/97951\/revisions"}],"wp:featuredmedia":[{"embeddable":true,"href":"https:\/\/www.europesays.com\/fi\/wp-json\/wp\/v2\/media\/97062"}],"wp:attachment":[{"href":"https:\/\/www.europesays.com\/fi\/wp-json\/wp\/v2\/media?parent=97951"}],"wp:term":[{"taxonomy":"category","embeddable":true,"href":"https:\/\/www.europesays.com\/fi\/wp-json\/wp\/v2\/categories?post=97951"},{"taxonomy":"post_tag","embeddable":true,"href":"https:\/\/www.europesays.com\/fi\/wp-json\/wp\/v2\/tags?post=97951"}],"curies":[{"name":"wp","href":"https:\/\/api.w.org\/{rel}","templated":true}]}}