{"id":97966,"date":"2025-11-23T15:50:09","date_gmt":"2025-11-23T15:50:09","guid":{"rendered":"https:\/\/www.europesays.com\/fi\/97966\/"},"modified":"2025-11-23T15:50:09","modified_gmt":"2025-11-23T15:50:09","slug":"ratkaiseva-hetki-sodassa-nain-ukraina-pysaytti-lapimurron-verkkouutiset","status":"publish","type":"post","link":"https:\/\/www.europesays.com\/fi\/97966\/","title":{"rendered":"Ratkaiseva hetki sodassa \u2013 n\u00e4in Ukraina pys\u00e4ytti l\u00e4pimurron &#8211; Verkkouutiset"},"content":{"rendered":"<ol>\n<li><a href=\"https:\/\/news.google.com\/rss\/articles\/CBMikwFBVV95cUxPQklsQzV2RDc1OFdSRkQ3eTNGOXd5Mi05Z19hbGF3VkpqZVR4ZEcxNXNyUTR0MmJkVFFkTVI0TXgxaDFoYWdzNEpfZjNTQ0YzWW9KYUQ4RElMUWsyMDRYZ3l0Q1VyUk9ZZmU5VHBhTWhQTHJXV1BfaDBucHVyWE1sUmFxelVPVEZPd3Q3THNLRVhMXzQ?oc=5\" target=\"_blank\" rel=\"nofollow noopener\">Ratkaiseva hetki sodassa \u2013 n\u00e4in Ukraina pys\u00e4ytti l\u00e4pimurron<\/a>&nbsp;&nbsp;Verkkouutiset<\/li>\n<li><a href=\"https:\/\/news.google.com\/rss\/articles\/CBMiXkFVX3lxTE5Hb0JQZ1pZVnpjZWhIVndUdWFQc1B0aHpXZjZEWnBfbkota1haeUFic2RWbHJrUkdjWjJOWDM0cDMtTjdyNk01YmN5cjlTQk5KVHdkb21xNUYyZFBHVkE?oc=5\" target=\"_blank\" rel=\"nofollow noopener\">Ven\u00e4j\u00e4n joukot l\u00e4hestyv\u00e4t uhkaavasti \u201dsankarikaupunkia\u201d \u2013 t\u00e4lt\u00e4 n\u00e4ytt\u00e4\u00e4 Ukrainan tilanne Zaporizzjan rintamalla<\/a>&nbsp;&nbsp;Ilta-Sanomat<\/li>\n<li><a href=\"https:\/\/news.google.com\/rss\/articles\/CBMiXEFVX3lxTFBBM1FBZDlzT3REZG5ac1g2djdXZmpWSGVPWjVTUU13QmUwYmhaU21TWUpFel8zUFRWTWxEbU1IVE02aFBveG9ZbVFnX1BvN2I0eGJycGxDcjFEOGR3?oc=5\" target=\"_blank\" rel=\"nofollow noopener\">HS-analyysi | Selvi\u00e4\u00e4k\u00f6 Ukraina en\u00e4\u00e4 t\u00e4st\u00e4?<\/a>&nbsp;&nbsp;HS.fi<\/li>\n<li><a href=\"https:\/\/news.google.com\/rss\/articles\/CBMiVkFVX3lxTFBIdlhVOUxISy1USlFoYXJZOG42ZVF4elp3T3RnZVRLbmQ0ODZzTVlZTXRPNUNNd1V1OVBtb25vRDZjS01PbmE2MWlzMk50OHUySzdRLWV3?oc=5\" target=\"_blank\" rel=\"nofollow noopener\">Asiantuntija Ven\u00e4j\u00e4n sotimisesta Ukrainassa: &#8221;Kun rintamalla ei p\u00e4\u00e4st\u00e4 eteenp\u00e4in, pyrit\u00e4\u00e4n vaikuttamaan siviiliyhteiskunnan resilienssiin&#8221;<\/a>&nbsp;&nbsp;Etel\u00e4-Suomen Sanomat<\/li>\n<li><a href=\"https:\/\/news.google.com\/rss\/articles\/CBMiQkFVX3lxTE5RTDc4RENaNGNINVN4NllROTZjRHpEVU44MXdYMkVMRHFPUjJ4dF81dUM1VUNmTGEwZThwZzlHdjZaUQ?oc=5\" target=\"_blank\" rel=\"nofollow noopener\">Ven\u00e4j\u00e4 uhkaa useita kaupunkeja it\u00e4rintamalla \u2013 Ukraina ja liittolaiset ovat tehneet lukuisia virheit\u00e4, arvioi asiantuntija<\/a>&nbsp;&nbsp;Yle<\/li>\n<\/ol>\n","protected":false},"excerpt":{"rendered":"Ratkaiseva hetki sodassa \u2013 n\u00e4in Ukraina pys\u00e4ytti l\u00e4pimurron&nbsp;&nbsp;Verkkouutiset Ven\u00e4j\u00e4n joukot l\u00e4hestyv\u00e4t uhkaavasti \u201dsankarikaupunkia\u201d \u2013 t\u00e4lt\u00e4 n\u00e4ytt\u00e4\u00e4 Ukrainan tilanne&hellip;\n","protected":false},"author":2,"featured_media":97967,"comment_status":"","ping_status":"","sticky":false,"template":"","format":"standard","meta":{"footnotes":""},"categories":[14],"tags":[22,23,26,27,33,31,30,17,24,25,28,29,15,18,21,32,19,20,56,16,987,59,60,61],"class_list":{"0":"post-97966","1":"post","2":"type-post","3":"status-publish","4":"format-standard","5":"has-post-thumbnail","7":"category-ulkomaat","8":"tag-breaking-news","9":"tag-breakingnews","10":"tag-featured-news","11":"tag-featurednews","12":"tag-fi","13":"tag-finland","14":"tag-finnish","15":"tag-headlines","16":"tag-latest-news","17":"tag-latestnews","18":"tag-main-news","19":"tag-mainnews","20":"tag-news","21":"tag-otsikot","22":"tag-paauutiset","23":"tag-suomi","24":"tag-top-stories","25":"tag-topstories","26":"tag-ulkomaat","27":"tag-uutiset","28":"tag-venajan-hyokkays","29":"tag-world","30":"tag-world-news","31":"tag-worldnews"},"share_on_mastodon":{"url":"https:\/\/pubeurope.com\/@fi\/115599810657991883","error":""},"_links":{"self":[{"href":"https:\/\/www.europesays.com\/fi\/wp-json\/wp\/v2\/posts\/97966","targetHints":{"allow":["GET"]}}],"collection":[{"href":"https:\/\/www.europesays.com\/fi\/wp-json\/wp\/v2\/posts"}],"about":[{"href":"https:\/\/www.europesays.com\/fi\/wp-json\/wp\/v2\/types\/post"}],"author":[{"embeddable":true,"href":"https:\/\/www.europesays.com\/fi\/wp-json\/wp\/v2\/users\/2"}],"replies":[{"embeddable":true,"href":"https:\/\/www.europesays.com\/fi\/wp-json\/wp\/v2\/comments?post=97966"}],"version-history":[{"count":0,"href":"https:\/\/www.europesays.com\/fi\/wp-json\/wp\/v2\/posts\/97966\/revisions"}],"wp:featuredmedia":[{"embeddable":true,"href":"https:\/\/www.europesays.com\/fi\/wp-json\/wp\/v2\/media\/97967"}],"wp:attachment":[{"href":"https:\/\/www.europesays.com\/fi\/wp-json\/wp\/v2\/media?parent=97966"}],"wp:term":[{"taxonomy":"category","embeddable":true,"href":"https:\/\/www.europesays.com\/fi\/wp-json\/wp\/v2\/categories?post=97966"},{"taxonomy":"post_tag","embeddable":true,"href":"https:\/\/www.europesays.com\/fi\/wp-json\/wp\/v2\/tags?post=97966"}],"curies":[{"name":"wp","href":"https:\/\/api.w.org\/{rel}","templated":true}]}}