{"id":98021,"date":"2025-11-23T17:22:10","date_gmt":"2025-11-23T17:22:10","guid":{"rendered":"https:\/\/www.europesays.com\/fi\/98021\/"},"modified":"2025-11-23T17:22:10","modified_gmt":"2025-11-23T17:22:10","slug":"katri-vaimo-aloittaa-perheen-aamun-aina-yhdella-asialla","status":"publish","type":"post","link":"https:\/\/www.europesays.com\/fi\/98021\/","title":{"rendered":"Katri-vaimo aloittaa perheen aamun aina yhdell\u00e4 asialla"},"content":{"rendered":"<p>Aki Riihilahti kertoo Iltalehdelle, millaista heid\u00e4n perheens\u00e4 arki on.<\/p>\n<p><img decoding=\"async\" class=\"image image-show image-preview\" src=\"https:\/\/www.europesays.com\/fi\/wp-content\/uploads\/2025\/11\/c687ed5ffe2059df8ec45b8c4effaf767b50343d4a1ac750c9a289109827dc17.jpg\" alt=\"\"\/><img decoding=\"async\" class=\"image image-show\" src=\"https:\/\/www.europesays.com\/fi\/wp-content\/uploads\/2025\/11\/1763918530_576_c687ed5ffe2059df8ec45b8c4effaf767b50343d4a1ac750c9a289109827dc17.jpg\" alt=\"\"\/><\/p>\n<p>Aki Riihilahti saapui TTK-yleis\u00f6\u00f6n. Atte Kajova<\/p>\n<p class=\"paragraph\">Tanssinopettaja <strong>Katri Riihilahden<\/strong> puoliso ex-jalkapalloilija <strong>Aki Riihilahti<\/strong> saapui kannustamaan h\u00e4nt\u00e4 Tanssii t\u00e4htien kanssa -finaalil\u00e4hetyksen yleis\u00f6\u00f6n. Aki kertoo olevansa \u00e4\u00e4rimm\u00e4isen ylpe\u00e4 puolisostaan.<\/p>\n<p class=\"paragraph\">\u2013 Olen kiitollinen ja ylpe\u00e4 Katrista ja siit\u00e4, millaisen vuoden h\u00e4n on vet\u00e4nyt. H\u00e4n hoitaa hyvin perheen lapset ja pystyy samaan aikaan tekem\u00e4\u00e4n upeita esityksi\u00e4 ja koreografioita, Aki ylist\u00e4\u00e4 Katria.<\/p>\n<p class=\"paragraph\">\u2013 H\u00e4n on p\u00e4rj\u00e4nnyt hyvin. Ei se, ett\u00e4 p\u00e4rj\u00e4\u00e4, vaan se, miten itsens\u00e4 kantaa ja antaa muille energiaa, h\u00e4n lis\u00e4\u00e4.<\/p>\n<p>Katri Riihilahti kilpailee TTK:ssa n\u00e4yttelij\u00e4 Johannes Holopaisen parina. Atte Kajova<\/p>\n<p class=\"paragraph\">Akin mukaan Katrin TTK-kiireet ovat vaikuttaneet heid\u00e4n arkeensa sill\u00e4 tavalla, ett\u00e4 h\u00e4n on joutunut pidemm\u00e4n aikaa tekem\u00e4\u00e4n ja opettelemaan ruoantekoa. Riihilahden mukaan h\u00e4n on onnistunut sen verran kokkailuissaan, ett\u00e4 on saanut perheen lapset ruokittua.<\/p>\n<p class=\"paragraph\">Katrin ja Akin yhteinen lapsi <strong>Kevin<\/strong> syntyi syyskuussa 2024. Uusperheeseen kuuluvat my\u00f6s <strong>Alex<\/strong>, 11, ja <strong>Olivia<\/strong>, 8, Akin entisest\u00e4 avioliitosta. Aki kertoo, ett\u00e4 heid\u00e4n arkeensa kuuluu paljon harrastuksia.<\/p>\n<p class=\"paragraph\">\u2013 Katri aloittaa aamun sill\u00e4, ett\u00e4 lukee meille kaikille satua. Luulen, ett\u00e4 meill\u00e4 perheaika koostuu siit\u00e4, ett\u00e4 olemme yhdess\u00e4, pelaamme erilaisia pelej\u00e4, k\u00e4ymme paljon liikkumassa \u2013 oli se sitten salilla tai uimassa, mies luettelee.<\/p>\n<p class=\"paragraph\">\u2013 Meill\u00e4 on my\u00f6s sellainen, ett\u00e4 jotain hullua pit\u00e4\u00e4 tehd\u00e4 tasaisin ajoin. Nyt se on sitten se, ett\u00e4 l\u00e4hdemme tekem\u00e4\u00e4n erikoislomia, h\u00e4n lis\u00e4\u00e4.<\/p>\n<p class=\"paragraph\">Akin mukaan he aikovat viett\u00e4\u00e4 joulua molempien perheiden kanssa.<\/p>\n<p class=\"paragraph\">\u2013 Silloin saamme rauhoituttua, vaikka osaamme rauhoittua arjessakin.<\/p>\n<p>Aki ja Katri Riihilahti avioituivat elokuussa 2023. Atte Kajova<\/p>\n<p class=\"paragraph\">Tanssii t\u00e4htien kanssa t\u00e4n\u00e4\u00e4n MTV3:lla kello 19.30 &amp; Katsomossa. <a href=\"https:\/\/www.iltalehti.fi\/telkku\" rel=\"nofollow noopener\" target=\"_blank\">Katso kaikki TV-ohjelmat ja l\u00e4hetysajat Telkun TV-oppaasta<\/a>.<\/p>\n","protected":false},"excerpt":{"rendered":"Aki Riihilahti kertoo Iltalehdelle, millaista heid\u00e4n perheens\u00e4 arki on. Aki Riihilahti saapui TTK-yleis\u00f6\u00f6n. Atte Kajova Tanssinopettaja Katri Riihilahden&hellip;\n","protected":false},"author":2,"featured_media":98022,"comment_status":"","ping_status":"","sticky":false,"template":"","format":"standard","meta":{"footnotes":""},"categories":[136],"tags":[35,138,407,137,33,31,30,408,41,1999,32,140,139,109],"class_list":{"0":"post-98021","1":"post","2":"type-post","3":"status-publish","4":"format-standard","5":"has-post-thumbnail","7":"category-julkkikset","8":"tag-24h","9":"tag-audio","10":"tag-celebrities","11":"tag-entertainment","12":"tag-fi","13":"tag-finland","14":"tag-finnish","15":"tag-julkkikset","16":"tag-liikunta-ja-urheilu","17":"tag-suomalaiset-tv-ohjelmat","18":"tag-suomi","19":"tag-tv-ja-elokuvat","20":"tag-tv-ohjelmat","21":"tag-viihde"},"share_on_mastodon":{"url":"https:\/\/pubeurope.com\/@fi\/115600172408465348","error":""},"_links":{"self":[{"href":"https:\/\/www.europesays.com\/fi\/wp-json\/wp\/v2\/posts\/98021","targetHints":{"allow":["GET"]}}],"collection":[{"href":"https:\/\/www.europesays.com\/fi\/wp-json\/wp\/v2\/posts"}],"about":[{"href":"https:\/\/www.europesays.com\/fi\/wp-json\/wp\/v2\/types\/post"}],"author":[{"embeddable":true,"href":"https:\/\/www.europesays.com\/fi\/wp-json\/wp\/v2\/users\/2"}],"replies":[{"embeddable":true,"href":"https:\/\/www.europesays.com\/fi\/wp-json\/wp\/v2\/comments?post=98021"}],"version-history":[{"count":0,"href":"https:\/\/www.europesays.com\/fi\/wp-json\/wp\/v2\/posts\/98021\/revisions"}],"wp:featuredmedia":[{"embeddable":true,"href":"https:\/\/www.europesays.com\/fi\/wp-json\/wp\/v2\/media\/98022"}],"wp:attachment":[{"href":"https:\/\/www.europesays.com\/fi\/wp-json\/wp\/v2\/media?parent=98021"}],"wp:term":[{"taxonomy":"category","embeddable":true,"href":"https:\/\/www.europesays.com\/fi\/wp-json\/wp\/v2\/categories?post=98021"},{"taxonomy":"post_tag","embeddable":true,"href":"https:\/\/www.europesays.com\/fi\/wp-json\/wp\/v2\/tags?post=98021"}],"curies":[{"name":"wp","href":"https:\/\/api.w.org\/{rel}","templated":true}]}}