{"id":98025,"date":"2025-11-23T17:29:13","date_gmt":"2025-11-23T17:29:13","guid":{"rendered":"https:\/\/www.europesays.com\/fi\/98025\/"},"modified":"2025-11-23T17:29:13","modified_gmt":"2025-11-23T17:29:13","slug":"expressen-stevie-grieve-lahella-sopimusta-ruotsiin","status":"publish","type":"post","link":"https:\/\/www.europesays.com\/fi\/98025\/","title":{"rendered":"Expressen: Stevie Grieve l\u00e4hell\u00e4 sopimusta Ruotsiin"},"content":{"rendered":"<p>Ruotsalaislehti <strong><a href=\"https:\/\/www.expressen.se\/sport\/fotboll\/superettan\/helsingborgs-if-narmar-sig-losning-i-kontakt-med-sjk-om-stevie-grieve\/\" rel=\"nofollow noopener\" target=\"_blank\">Expressen uutisoi<\/a><\/strong>, ett\u00e4 SJK:n p\u00e4\u00e4valmentaja <strong>Stevie Grieve<\/strong> on todenn\u00e4k\u00f6isesti siirtym\u00e4ss\u00e4 Ruotsiin.<\/p>\n<p>Expressenin mukaan Grieve on Helsingborgs IF:n listalla suosikki uudeksi p\u00e4\u00e4valmentajaksi <strong>Kl\u00e9ber Saarenp\u00e4\u00e4n<\/strong> tilalle.<\/p>\n<p>Ruotsalaislehti kirjoittaa, ett\u00e4 HIF on ottanut SJK:hon yhteytt\u00e4 neuvotellakseen virallisesti skottiluotsin siirrosta Superettaniin.<\/p>\n<p>Expressenin tietojen mukaan HIF:n ja Grieven odotetaan p\u00e4\u00e4sev\u00e4n sopimuksesta yhteisymm\u00e4rrykseen, jos ja kun lupa SJK:lta helti\u00e4\u00e4.<\/p>\n<p>Grieve, 38, valmensi SJK:n p\u00e4\u00e4ttyneell\u00e4 kaudella Veikkausliigassa nelj\u00e4nneksi.<\/p>\n<p>\t\t\t\t\t\tLUE MY\u00d6S:\t\t\t\t<\/p>\n","protected":false},"excerpt":{"rendered":"Ruotsalaislehti Expressen uutisoi, ett\u00e4 SJK:n p\u00e4\u00e4valmentaja Stevie Grieve on todenn\u00e4k\u00f6isesti siirtym\u00e4ss\u00e4 Ruotsiin. Expressenin mukaan Grieve on Helsingborgs IF:n&hellip;\n","protected":false},"author":2,"featured_media":98026,"comment_status":"","ping_status":"","sticky":false,"template":"","format":"standard","meta":{"footnotes":""},"categories":[158],"tags":[33,31,30,159,32,160],"class_list":{"0":"post-98025","1":"post","2":"type-post","3":"status-publish","4":"format-standard","5":"has-post-thumbnail","7":"category-urheilu","8":"tag-fi","9":"tag-finland","10":"tag-finnish","11":"tag-sports","12":"tag-suomi","13":"tag-urheilu"},"share_on_mastodon":{"url":"https:\/\/pubeurope.com\/@fi\/115600199953611990","error":""},"_links":{"self":[{"href":"https:\/\/www.europesays.com\/fi\/wp-json\/wp\/v2\/posts\/98025","targetHints":{"allow":["GET"]}}],"collection":[{"href":"https:\/\/www.europesays.com\/fi\/wp-json\/wp\/v2\/posts"}],"about":[{"href":"https:\/\/www.europesays.com\/fi\/wp-json\/wp\/v2\/types\/post"}],"author":[{"embeddable":true,"href":"https:\/\/www.europesays.com\/fi\/wp-json\/wp\/v2\/users\/2"}],"replies":[{"embeddable":true,"href":"https:\/\/www.europesays.com\/fi\/wp-json\/wp\/v2\/comments?post=98025"}],"version-history":[{"count":0,"href":"https:\/\/www.europesays.com\/fi\/wp-json\/wp\/v2\/posts\/98025\/revisions"}],"wp:featuredmedia":[{"embeddable":true,"href":"https:\/\/www.europesays.com\/fi\/wp-json\/wp\/v2\/media\/98026"}],"wp:attachment":[{"href":"https:\/\/www.europesays.com\/fi\/wp-json\/wp\/v2\/media?parent=98025"}],"wp:term":[{"taxonomy":"category","embeddable":true,"href":"https:\/\/www.europesays.com\/fi\/wp-json\/wp\/v2\/categories?post=98025"},{"taxonomy":"post_tag","embeddable":true,"href":"https:\/\/www.europesays.com\/fi\/wp-json\/wp\/v2\/tags?post=98025"}],"curies":[{"name":"wp","href":"https:\/\/api.w.org\/{rel}","templated":true}]}}