{"id":98058,"date":"2025-11-23T18:26:09","date_gmt":"2025-11-23T18:26:09","guid":{"rendered":"https:\/\/www.europesays.com\/fi\/98058\/"},"modified":"2025-11-23T18:26:09","modified_gmt":"2025-11-23T18:26:09","slug":"israel-iski-beirutiin-kuolleiden-joukossa-hizbollah-johtaja","status":"publish","type":"post","link":"https:\/\/www.europesays.com\/fi\/98058\/","title":{"rendered":"Israel iski Beirutiin \u2013 kuolleiden joukossa Hizbollah-johtaja"},"content":{"rendered":"<p>Libanonin terveysministeri\u00f6n mukaan iskussa kuoli viisi ihmist\u00e4 ja haavoittui 28.<\/p>\n<p class=\"article-body mb-nof-24 px-nof-16\">Israel teki sunnuntaina uuden iskun Libanoniin, kertoivat molempien maiden viranomaiset. P\u00e4\u00e4kaupunki Beirutissa sijaitsevaan rakennukseen tehdyn ilmaiskun kohteena kerrottiin olleen \u00e4\u00e4rij\u00e4rjest\u00f6 Hizbollahin johtoportaaseen kuuluva ihminen.<\/p>\n<p class=\"article-body mb-nof-24 px-nof-16\">Libanonin terveysministeri\u00f6n mukaan iskussa kuoli viisi ihmist\u00e4 ja haavoittui 28. Israelin asevoimat vahvisti tappaneensa Hizbollahin korkea-arvoisen komentajan <a class=\"article-personlink\" href=\"https:\/\/www.is.fi\/haku\/?query=Haitham%20Ali%20Tabatabain\" rel=\"nofollow noopener\" target=\"_blank\">Haitham Ali Tabatabain<\/a>.<\/p>\n<p class=\"article-body mb-nof-24 px-nof-16\">Paikalla olleen AFP:n toimittajan mukaan isku osui yhdeks\u00e4nkerroksisen rakennuksen kolmanteen ja nelj\u00e4nteen kerrokseen.<\/p>\n<p class=\"article-body mb-nof-24 px-nof-16\">Viime viikon aikana Israel on tehnyt useita iskuja Libanoniin ja Gazaan aselevoista huolimatta. Iskuissa on kuollut kymmeni\u00e4 ihmisi\u00e4.<\/p>\n<p class=\"article-body mb-nof-24 px-nof-16\">Aiemmin sunnuntaina Israelin p\u00e4\u00e4ministeri <a class=\"article-personlink\" href=\"https:\/\/www.is.fi\/haku\/?query=Benjamin%20Netanjahu\" rel=\"nofollow noopener\" target=\"_blank\">Benjamin Netanjahu<\/a> sanoi, ett\u00e4 Israel tekee kaiken tarpeellisen pys\u00e4ytt\u00e4\u00e4kseen Hizbollahin uudelleenj\u00e4rjest\u00e4ytymisen Libanonissa ja Hamasin Gazassa.<\/p>\n","protected":false},"excerpt":{"rendered":"Libanonin terveysministeri\u00f6n mukaan iskussa kuoli viisi ihmist\u00e4 ja haavoittui 28. Israel teki sunnuntaina uuden iskun Libanoniin, kertoivat molempien&hellip;\n","protected":false},"author":2,"featured_media":98059,"comment_status":"","ping_status":"","sticky":false,"template":"","format":"standard","meta":{"footnotes":""},"categories":[14],"tags":[22,23,26,27,33,31,30,17,34,24,25,28,29,15,18,21,32,19,20,56,16,59,60,61],"class_list":{"0":"post-98058","1":"post","2":"type-post","3":"status-publish","4":"format-standard","5":"has-post-thumbnail","7":"category-ulkomaat","8":"tag-breaking-news","9":"tag-breakingnews","10":"tag-featured-news","11":"tag-featurednews","12":"tag-fi","13":"tag-finland","14":"tag-finnish","15":"tag-headlines","16":"tag-ilta-sanomat","17":"tag-latest-news","18":"tag-latestnews","19":"tag-main-news","20":"tag-mainnews","21":"tag-news","22":"tag-otsikot","23":"tag-paauutiset","24":"tag-suomi","25":"tag-top-stories","26":"tag-topstories","27":"tag-ulkomaat","28":"tag-uutiset","29":"tag-world","30":"tag-world-news","31":"tag-worldnews"},"share_on_mastodon":{"url":"https:\/\/pubeurope.com\/@fi\/115600424075787561","error":""},"_links":{"self":[{"href":"https:\/\/www.europesays.com\/fi\/wp-json\/wp\/v2\/posts\/98058","targetHints":{"allow":["GET"]}}],"collection":[{"href":"https:\/\/www.europesays.com\/fi\/wp-json\/wp\/v2\/posts"}],"about":[{"href":"https:\/\/www.europesays.com\/fi\/wp-json\/wp\/v2\/types\/post"}],"author":[{"embeddable":true,"href":"https:\/\/www.europesays.com\/fi\/wp-json\/wp\/v2\/users\/2"}],"replies":[{"embeddable":true,"href":"https:\/\/www.europesays.com\/fi\/wp-json\/wp\/v2\/comments?post=98058"}],"version-history":[{"count":0,"href":"https:\/\/www.europesays.com\/fi\/wp-json\/wp\/v2\/posts\/98058\/revisions"}],"wp:featuredmedia":[{"embeddable":true,"href":"https:\/\/www.europesays.com\/fi\/wp-json\/wp\/v2\/media\/98059"}],"wp:attachment":[{"href":"https:\/\/www.europesays.com\/fi\/wp-json\/wp\/v2\/media?parent=98058"}],"wp:term":[{"taxonomy":"category","embeddable":true,"href":"https:\/\/www.europesays.com\/fi\/wp-json\/wp\/v2\/categories?post=98058"},{"taxonomy":"post_tag","embeddable":true,"href":"https:\/\/www.europesays.com\/fi\/wp-json\/wp\/v2\/tags?post=98058"}],"curies":[{"name":"wp","href":"https:\/\/api.w.org\/{rel}","templated":true}]}}