{"id":98066,"date":"2025-11-23T18:43:10","date_gmt":"2025-11-23T18:43:10","guid":{"rendered":"https:\/\/www.europesays.com\/fi\/98066\/"},"modified":"2025-11-23T18:43:10","modified_gmt":"2025-11-23T18:43:10","slug":"nain-johannes-holopaisen-isa-kommentoi-poikansa-akillista-loukkaantumista","status":"publish","type":"post","link":"https:\/\/www.europesays.com\/fi\/98066\/","title":{"rendered":"N\u00e4in Johannes Holopaisen is\u00e4 kommentoi poikansa \u00e4killist\u00e4 loukkaantumista"},"content":{"rendered":"<p><strong class=\"typography-bold\">Johannes Holopaisen is\u00e4 j\u00e4nnitt\u00e4\u00e4 reitens\u00e4 TTK-finaalin kynnyksell\u00e4 rev\u00e4ytt\u00e4neen poikansa puolesta.\u00a0<\/strong><\/p>\n<p><a class=\"underline\" data-testid=\"internal-link\" role=\"link\" data-sentry-element=\"Link\" data-sentry-component=\"InternalLink\" data-sentry-source-file=\"InternalLink.tsx\" href=\"https:\/\/www.mtvuutiset.fi\/aihe\/tanssii-tahtien-kanssa\/2839810\" rel=\"nofollow noopener\" target=\"_blank\">Tanssii T\u00e4htien Kanssa<\/a> -ohjelman kauden finaalil\u00e4hetys on alkamassa ja katsomoon saapuvat vieraat ovat jo tulleet paikan p\u00e4\u00e4lle tanssistudiolle. Paikalle suoraan l\u00e4hetykseen saapui <a class=\"underline\" data-testid=\"internal-link\" role=\"link\" data-sentry-element=\"Link\" data-sentry-component=\"InternalLink\" data-sentry-source-file=\"InternalLink.tsx\" href=\"https:\/\/www.mtvuutiset.fi\/aihe\/johannes-holopainen\/8712216\" rel=\"nofollow noopener\" target=\"_blank\"><strong class=\"typography-bold\">Johannes Holopaisen<\/strong><\/a> is\u00e4 entinen urheilutoimittaja ja selostaja <strong class=\"typography-bold\">Juha Matti Holopainen.\u00a0<\/strong><\/p>\n<p>Johannes loukkasi jalkansa aikaisemmin t\u00e4n\u00e4\u00e4n sunnuntaina kameraharjoituksissa. <a class=\"underline\" data-testid=\"internal-link\" role=\"link\" data-sentry-element=\"Link\" data-sentry-component=\"InternalLink\" data-sentry-source-file=\"InternalLink.tsx\" href=\"https:\/\/www.mtvuutiset.fi\/artikkeli\/johannes-holopainen-loukkaantui-ttk-n-finaalipaivana-takareisi-revahti-paastaan-maaliin-asti-omin-jaloin\/9260006\" rel=\"nofollow noopener\" target=\"_blank\">H\u00e4n kertoi takareitens\u00e4 rev\u00e4ht\u00e4neen.<\/a>\u00a0<\/p>\n<p>\u2013 Is\u00e4\u00e4 ei muuten j\u00e4nnitt\u00e4isi ollenkaan, mutta kun takareisi just t\u00e4n\u00e4\u00e4n rev\u00e4hti. Se tuo oman j\u00e4nnityksen. T\u00e4\u00e4ll\u00e4 on niin upeat fysioterapeutit ja l\u00e4\u00e4k\u00e4ritutkimukset on tehty, ett\u00e4 n\u00e4ytt\u00e4\u00e4 silt\u00e4, ett\u00e4 hammasta purren ja kaikki tehd\u00e4\u00e4n, Johannes tanssii. Se on h\u00e4nellekin t\u00e4rke\u00e4\u00e4, ett\u00e4 h\u00e4n pystyy sen tekem\u00e4\u00e4n, Juha Matti sanoo.\u00a0<\/p>\n<p>H\u00e4n kertoo olleensa levollisin mielin muuten Johanneksen tanssien suhteen.\u00a0<\/p>\n","protected":false},"excerpt":{"rendered":"Johannes Holopaisen is\u00e4 j\u00e4nnitt\u00e4\u00e4 reitens\u00e4 TTK-finaalin kynnyksell\u00e4 rev\u00e4ytt\u00e4neen poikansa puolesta.\u00a0 Tanssii T\u00e4htien Kanssa -ohjelman kauden finaalil\u00e4hetys on alkamassa&hellip;\n","protected":false},"author":2,"featured_media":98067,"comment_status":"","ping_status":"","sticky":false,"template":"","format":"standard","meta":{"footnotes":""},"categories":[133],"tags":[137,33,31,30,32,206,156,109],"class_list":{"0":"post-98066","1":"post","2":"type-post","3":"status-publish","4":"format-standard","5":"has-post-thumbnail","7":"category-televisiot","8":"tag-entertainment","9":"tag-fi","10":"tag-finland","11":"tag-finnish","12":"tag-suomi","13":"tag-televisiot","14":"tag-tv","15":"tag-viihde"},"share_on_mastodon":{"url":"https:\/\/pubeurope.com\/@fi\/115600490719573330","error":""},"_links":{"self":[{"href":"https:\/\/www.europesays.com\/fi\/wp-json\/wp\/v2\/posts\/98066","targetHints":{"allow":["GET"]}}],"collection":[{"href":"https:\/\/www.europesays.com\/fi\/wp-json\/wp\/v2\/posts"}],"about":[{"href":"https:\/\/www.europesays.com\/fi\/wp-json\/wp\/v2\/types\/post"}],"author":[{"embeddable":true,"href":"https:\/\/www.europesays.com\/fi\/wp-json\/wp\/v2\/users\/2"}],"replies":[{"embeddable":true,"href":"https:\/\/www.europesays.com\/fi\/wp-json\/wp\/v2\/comments?post=98066"}],"version-history":[{"count":0,"href":"https:\/\/www.europesays.com\/fi\/wp-json\/wp\/v2\/posts\/98066\/revisions"}],"wp:featuredmedia":[{"embeddable":true,"href":"https:\/\/www.europesays.com\/fi\/wp-json\/wp\/v2\/media\/98067"}],"wp:attachment":[{"href":"https:\/\/www.europesays.com\/fi\/wp-json\/wp\/v2\/media?parent=98066"}],"wp:term":[{"taxonomy":"category","embeddable":true,"href":"https:\/\/www.europesays.com\/fi\/wp-json\/wp\/v2\/categories?post=98066"},{"taxonomy":"post_tag","embeddable":true,"href":"https:\/\/www.europesays.com\/fi\/wp-json\/wp\/v2\/tags?post=98066"}],"curies":[{"name":"wp","href":"https:\/\/api.w.org\/{rel}","templated":true}]}}