{"id":98118,"date":"2025-11-23T19:58:08","date_gmt":"2025-11-23T19:58:08","guid":{"rendered":"https:\/\/www.europesays.com\/fi\/98118\/"},"modified":"2025-11-23T19:58:08","modified_gmt":"2025-11-23T19:58:08","slug":"kari-ketoselta-yllattava-paljastus-seiska","status":"publish","type":"post","link":"https:\/\/www.europesays.com\/fi\/98118\/","title":{"rendered":"Kari Ketoselta yll\u00e4tt\u00e4v\u00e4 paljastus! | Seiska"},"content":{"rendered":"<p class=\"article-content article-content-width !bg-background\"><a alt=\"Haku\" class=\"text-primary-red font-extrabold\" href=\"https:\/\/www.seiska.fi\/haku?q=Kari Ketonen\" rel=\"nofollow noopener\" target=\"_blank\">Kari Ketonen<\/a> on melkoinen moniosaaja: n\u00e4yttelij\u00e4, ohjaaja sek\u00e4 k\u00e4sikirjoittaja.<\/p>\n<p class=\"article-content article-content-width !bg-background\">Lis\u00e4ksi herralla on musta vy\u00f6 judossa, ja h\u00e4nen CV:ns\u00e4 koulutuskohdasta l\u00f6ytyy my\u00f6s merkint\u00e4 psykoterapeutista.<\/p>\n<p class=\"article-content article-content-width !bg-background\">L\u00e4hitulevaisuudessa Kari n\u00e4hd\u00e4\u00e4n tuomarina Thank God, s\u00e4 tulit! -hupiohjelmassa.<\/p>\n<p class=\"article-content article-content-width !bg-background\">Seiska pyysi ohjelman pressitilaisuudessa Karia paljastamaan itsest\u00e4\u00e4n yll\u00e4tt\u00e4v\u00e4n seikan \u2013 ja kivikasvoinen Karihan paljasti.<\/p>\n","protected":false},"excerpt":{"rendered":"Kari Ketonen on melkoinen moniosaaja: n\u00e4yttelij\u00e4, ohjaaja sek\u00e4 k\u00e4sikirjoittaja. Lis\u00e4ksi herralla on musta vy\u00f6 judossa, ja h\u00e4nen CV:ns\u00e4&hellip;\n","protected":false},"author":2,"featured_media":98119,"comment_status":"","ping_status":"","sticky":false,"template":"","format":"standard","meta":{"footnotes":""},"categories":[136],"tags":[407,137,33,31,30,408,18867,19041,1342,13013,19042,19040,32,19039,156,109],"class_list":{"0":"post-98118","1":"post","2":"type-post","3":"status-publish","4":"format-standard","5":"has-post-thumbnail","7":"category-julkkikset","8":"tag-celebrities","9":"tag-entertainment","10":"tag-fi","11":"tag-finland","12":"tag-finnish","13":"tag-julkkikset","14":"tag-kari-ketonen","15":"tag-kasikirjoittaja","16":"tag-nayttelija","17":"tag-ohjaaja","18":"tag-psykoterapeutti","19":"tag-sa-tulit","20":"tag-suomi","21":"tag-thank-god","22":"tag-tv","23":"tag-viihde"},"share_on_mastodon":{"url":"https:\/\/pubeurope.com\/@fi\/115600785837183244","error":""},"_links":{"self":[{"href":"https:\/\/www.europesays.com\/fi\/wp-json\/wp\/v2\/posts\/98118","targetHints":{"allow":["GET"]}}],"collection":[{"href":"https:\/\/www.europesays.com\/fi\/wp-json\/wp\/v2\/posts"}],"about":[{"href":"https:\/\/www.europesays.com\/fi\/wp-json\/wp\/v2\/types\/post"}],"author":[{"embeddable":true,"href":"https:\/\/www.europesays.com\/fi\/wp-json\/wp\/v2\/users\/2"}],"replies":[{"embeddable":true,"href":"https:\/\/www.europesays.com\/fi\/wp-json\/wp\/v2\/comments?post=98118"}],"version-history":[{"count":0,"href":"https:\/\/www.europesays.com\/fi\/wp-json\/wp\/v2\/posts\/98118\/revisions"}],"wp:featuredmedia":[{"embeddable":true,"href":"https:\/\/www.europesays.com\/fi\/wp-json\/wp\/v2\/media\/98119"}],"wp:attachment":[{"href":"https:\/\/www.europesays.com\/fi\/wp-json\/wp\/v2\/media?parent=98118"}],"wp:term":[{"taxonomy":"category","embeddable":true,"href":"https:\/\/www.europesays.com\/fi\/wp-json\/wp\/v2\/categories?post=98118"},{"taxonomy":"post_tag","embeddable":true,"href":"https:\/\/www.europesays.com\/fi\/wp-json\/wp\/v2\/tags?post=98118"}],"curies":[{"name":"wp","href":"https:\/\/api.w.org\/{rel}","templated":true}]}}