{"id":98143,"date":"2025-11-23T20:28:09","date_gmt":"2025-11-23T20:28:09","guid":{"rendered":"https:\/\/www.europesays.com\/fi\/98143\/"},"modified":"2025-11-23T20:28:09","modified_gmt":"2025-11-23T20:28:09","slug":"en-ollut-siita-varma-steve-harris-suhtautui-bruce-dickinsonin-iron-maiden-paluuseen-aluksi-skeptisesti","status":"publish","type":"post","link":"https:\/\/www.europesays.com\/fi\/98143\/","title":{"rendered":"&#8221;En ollut siit\u00e4 varma&#8221; &#8211; Steve Harris suhtautui Bruce Dickinsonin Iron Maiden -paluuseen aluksi skeptisesti"},"content":{"rendered":"<p>Iron Maiden -kippari Steve Harris ei ollut aluksi vakuuttunut, ett\u00e4 Bruce Dickinsonin paluu b\u00e4ndin riveihin vuosituhannen vaihteessa oli hyv\u00e4 idea.<\/p>\n<p>Dickinson l\u00e4ksi soolouralle vuonna 1993, mutta palasi kuusi vuotta my\u00f6hemmin kun h\u00e4net korvanneen Blaze Bayleyn ja Maidenin tiet erosivat.<\/p>\n<p>\u201dBrucen paluu oli hieno juttu, tiettyyn rajaan saakka. En kuitenkaan ollut sataprosenttisen varma syist\u00e4 paluun takana, joten tuumin, ett\u00e4 okei, katsotaan nyt\u201d, Harris kertoo <a href=\"https:\/\/www.musicradar.com\/artists\/when-bruce-came-back-i-wasnt-100-percent-sure-of-the-reasons-behind-it-i-was-like-well-okay-lets-see-ill-be-honest-i-wasnt-sure-how-iron-maidens-steve-harris-made-his-peace-with-singer-bruce-dickinson\" target=\"_blank\" rel=\"noreferrer noopener nofollow\">MusicRadarin<\/a> haastattelussa.<\/p>\n<p>Kauaa ei Harrisinkaan tarvinnut katsella kun k\u00e4vi selv\u00e4ksi, ett\u00e4 yhteisty\u00f6 sujuisi v\u00e4hint\u00e4\u00e4nkin entiseen malliin.<\/p>\n<p>\u201dSe oli mahtavaa. Teimme loistavan kiertueen ja siit\u00e4 eteenp\u00e4in kaikki oli kunnossa\u201d, Harris sanoo. \u201dKaikki on sujunut jouhevasti siit\u00e4 asti. Mutta ihan aluksi en rehellisesti sanottuna ollut asiasta varma.\u201d<\/p>\n<p>\u201dSit\u00e4 t\u00e4ytyy osata laittaa asiat t\u00e4rkeysj\u00e4rjestykseen. Mit\u00e4 vanhemmaksi tulee, sit\u00e4 helpompaa se on. Puree vain hampaat yhteen ja jatkaa eteenp\u00e4in. Ei anna asioiden vaikuttaa yht\u00e4 syv\u00e4sti kuin viel\u00e4 muutamaa vuotta aiemmin.\u201d<\/p>\n<p>\u201dIhmisten kanssa on muutenkin hankalaa el\u00e4\u00e4\u201d, Harris jatkaa. \u201dSe koskee ihan kaikkia. Sit\u00e4 t\u00e4ytyy vain yritt\u00e4\u00e4 tulla muiden kanssa toimeen parhaansa mukaan. B\u00e4ndiss\u00e4 oppii j\u00e4tt\u00e4m\u00e4\u00e4n muut rauhaan.\u201d<\/p>\n<p>\u201dBruce on ep\u00e4tavallinen kaveri, sanotaan nyt vaikka niin\u201d, Harris lis\u00e4\u00e4. \u201dSe luultavasti tekee h\u00e4nest\u00e4 niin hyv\u00e4n. H\u00e4nen \u00e4\u00e4ness\u00e4\u00e4n on ep\u00e4tavallisia piirteit\u00e4. On kuitenkin vaikeaa puhua toisten puolesta ja analysoida millaisia he oikeasti ovat.\u201d<\/p>\n","protected":false},"excerpt":{"rendered":"Iron Maiden -kippari Steve Harris ei ollut aluksi vakuuttunut, ett\u00e4 Bruce Dickinsonin paluu b\u00e4ndin riveihin vuosituhannen vaihteessa oli&hellip;\n","protected":false},"author":2,"featured_media":98144,"comment_status":"","ping_status":"","sticky":false,"template":"","format":"standard","meta":{"footnotes":""},"categories":[132],"tags":[137,33,31,30,195,47,32,109],"class_list":{"0":"post-98143","1":"post","2":"type-post","3":"status-publish","4":"format-standard","5":"has-post-thumbnail","7":"category-musiikki","8":"tag-entertainment","9":"tag-fi","10":"tag-finland","11":"tag-finnish","12":"tag-music","13":"tag-musiikki","14":"tag-suomi","15":"tag-viihde"},"share_on_mastodon":{"url":"https:\/\/pubeurope.com\/@fi\/115600903577463063","error":""},"_links":{"self":[{"href":"https:\/\/www.europesays.com\/fi\/wp-json\/wp\/v2\/posts\/98143","targetHints":{"allow":["GET"]}}],"collection":[{"href":"https:\/\/www.europesays.com\/fi\/wp-json\/wp\/v2\/posts"}],"about":[{"href":"https:\/\/www.europesays.com\/fi\/wp-json\/wp\/v2\/types\/post"}],"author":[{"embeddable":true,"href":"https:\/\/www.europesays.com\/fi\/wp-json\/wp\/v2\/users\/2"}],"replies":[{"embeddable":true,"href":"https:\/\/www.europesays.com\/fi\/wp-json\/wp\/v2\/comments?post=98143"}],"version-history":[{"count":0,"href":"https:\/\/www.europesays.com\/fi\/wp-json\/wp\/v2\/posts\/98143\/revisions"}],"wp:featuredmedia":[{"embeddable":true,"href":"https:\/\/www.europesays.com\/fi\/wp-json\/wp\/v2\/media\/98144"}],"wp:attachment":[{"href":"https:\/\/www.europesays.com\/fi\/wp-json\/wp\/v2\/media?parent=98143"}],"wp:term":[{"taxonomy":"category","embeddable":true,"href":"https:\/\/www.europesays.com\/fi\/wp-json\/wp\/v2\/categories?post=98143"},{"taxonomy":"post_tag","embeddable":true,"href":"https:\/\/www.europesays.com\/fi\/wp-json\/wp\/v2\/tags?post=98143"}],"curies":[{"name":"wp","href":"https:\/\/api.w.org\/{rel}","templated":true}]}}