{"id":9821,"date":"2025-08-19T03:43:07","date_gmt":"2025-08-19T03:43:07","guid":{"rendered":"https:\/\/www.europesays.com\/fi\/9821\/"},"modified":"2025-08-19T03:43:07","modified_gmt":"2025-08-19T03:43:07","slug":"podcast-julianna-jokela-kertoo-totuuden-nain-niko-saarisen-kanssa-kavi","status":"publish","type":"post","link":"https:\/\/www.europesays.com\/fi\/9821\/","title":{"rendered":"Podcast: Julianna Jokela kertoo totuuden \u2013 n\u00e4in Niko Saarisen kanssa k\u00e4vi"},"content":{"rendered":"<p><strong>Julianna Jokela<\/strong> ja <strong>Niko Saarinen<\/strong> lopettivat toukokuussa yhteisen radio-ohjelmansa. Sen j\u00e4lkeen heid\u00e4n ymp\u00e4rill\u00e4\u00e4n on py\u00f6rinyt runsaasti huhuja ja spekulaatioita siit\u00e4, miksi n\u00e4in k\u00e4vi. Niko on kertonut asiasta jo oman puolensa, mutta nyt on saatu my\u00f6s Juliannan kertoma totuus asiasta.<\/p>\n<p>Julianna vieraili 18.\u202felokuuta 2025 julkaistussa BFF-podcastin jaksossa, jossa h\u00e4n avasi syit\u00e4 radiouransa p\u00e4\u00e4ttymiseen. H\u00e4n paljasti samalla my\u00f6s millaiset v\u00e4lit h\u00e4nell\u00e4 on t\u00e4ll\u00e4 hetkell\u00e4 ex-juontokollegaansa Nikoon. <\/p>\n<p>Kyseess\u00e4 on <strong>Emilia Aaltosen<\/strong> ja <strong>Selen Ahishalin<\/strong> houstaama lifestyle -podcast.\u00a0Podcastin jaksossa puhuttiin muun muassa Juliannan radiopestin loppumisesta. Juliannan mukaan h\u00e4n oli jo noin puolentoista vuoden ajan pohtinut sen lopettamista. P\u00e4iv\u00e4n muut ty\u00f6t jatkuivat radioty\u00f6n j\u00e4lkeen ja ty\u00f6p\u00e4ivist\u00e4 tuli h\u00e4nelle pitki\u00e4 ja uuvuttavia.<\/p>\n<p>P\u00e4\u00e4t\u00f6ksest\u00e4 oli Juliannan mukaan keskusteltu pitk\u00e4\u00e4n. Ratkaisuun johti lopulta Nikon kommentti siit\u00e4, mit\u00e4 annettavaa heill\u00e4 olisi en\u00e4\u00e4 yhdess\u00e4 radiossa.<\/p>\n<p>V\u00e4lit Nikoon ovat edelleen hyv\u00e4t, mutta erilaiset kuin ennen<\/p>\n<p>Niko kertoi pian eronsa j\u00e4lkeen palaavansa takaisin radiojuontajaksi. T\u00e4ss\u00e4 vaiheessa saatettiin ajatella, ett\u00e4 edellinen radiopesti loppui huonojen v\u00e4lien takia Juliannan kanssa. <\/p>\n<p>Nyt Julianna kertoo olleensa koko ajan tietoinen siit\u00e4, ett\u00e4 n\u00e4in saattaa k\u00e4yd\u00e4. H\u00e4n kertoo, ett\u00e4 h\u00e4nelle itselleen oli my\u00f6s annettu sama mahdollisuus paluuseen kuin Nikolle.<\/p>\n<p>\u2013 Olen ollut tietoinen alusta asti, ett\u00e4 Niko palaisi mahdollisesti syksyll\u00e4 takaisin.<\/p>\n<p>Julianna paljastaa h\u00e4nen ja Nikon olevan edelleen yst\u00e4vi\u00e4 ja laittoi lopun huhuille siit\u00e4, ett\u00e4 radio-ohjelma olisi lopetettu huonojen v\u00e4lien takia.<\/p>\n<p>\u2013 Toki ei olla nyt tietenk\u00e4\u00e4n ihan hirveesti vietetty aikaa, kun oltiin aiemmin niin kiinnikk\u00e4in, naurahtaa Julianna podcastissa.<\/p>\n<p>Julianna on nyt ehtinyt viett\u00e4m\u00e4\u00e4n enemm\u00e4n vapaa-aikaa. <\/p>\n<p>\u2013 El\u00e4m\u00e4 n\u00e4ytt\u00e4ny t\u00e4lt\u00e4 viime aikoina. Kes\u00e4 n\u00e4ytt\u00e4is hektiselt\u00e4, joten aattelin lomailla viel hetken\u2026kirjoitti Julianna jo toukokuussa. <\/p>\n<p>Jos upotus ei n\u00e4y, avaa se auki <a href=\"https:\/\/www.instagram.com\/p\/DKM1GaioGR1\/?utm_source=ig_web_copy_link&amp;igsh=MzRlODBiNWFlZA==\" target=\"_blank\" rel=\"noreferrer noopener nofollow\">t\u00e4st\u00e4<\/a>. <\/p>\n<p>Lue my\u00f6s: <a href=\"https:\/\/www.como.fi\/tilaa-comon-uutiskirje\/\" title=\"Tilaa Comon uutiskirje ja tied\u00e4t mist\u00e4 kahvitauolla puhutaan! Nappaa kotimaan tv-vinkit ja puheenaiheet suoraan s\u00e4hk\u00f6postiin t\u00e4st\u00e4.\" class=\"underline-custom !font-montserrat !font-bold !underline-offset-4 !decoration-4 !decoration-red-600 !text-md\" rel=\"nofollow noopener\" target=\"_blank\">Tilaa Comon uutiskirje ja tied\u00e4t mist\u00e4 kahvitauolla puhutaan! Nappaa kotimaan tv-vinkit ja puheenaiheet suoraan s\u00e4hk\u00f6postiin t\u00e4st\u00e4.<\/a><\/p>\n<p>\t\t\t\t<script async src=\"\/\/www.instagram.com\/embed.js\"><\/script><\/p>\n","protected":false},"excerpt":{"rendered":"Julianna Jokela ja Niko Saarinen lopettivat toukokuussa yhteisen radio-ohjelmansa. Sen j\u00e4lkeen heid\u00e4n ymp\u00e4rill\u00e4\u00e4n on py\u00f6rinyt runsaasti huhuja ja&hellip;\n","protected":false},"author":2,"featured_media":9822,"comment_status":"","ping_status":"","sticky":false,"template":"","format":"standard","meta":{"footnotes":""},"categories":[136],"tags":[407,137,33,31,30,4493,408,32,109],"class_list":{"0":"post-9821","1":"post","2":"type-post","3":"status-publish","4":"format-standard","5":"has-post-thumbnail","7":"category-julkkikset","8":"tag-celebrities","9":"tag-entertainment","10":"tag-fi","11":"tag-finland","12":"tag-finnish","13":"tag-julianna-jokela","14":"tag-julkkikset","15":"tag-suomi","16":"tag-viihde"},"share_on_mastodon":{"url":"","error":""},"_links":{"self":[{"href":"https:\/\/www.europesays.com\/fi\/wp-json\/wp\/v2\/posts\/9821","targetHints":{"allow":["GET"]}}],"collection":[{"href":"https:\/\/www.europesays.com\/fi\/wp-json\/wp\/v2\/posts"}],"about":[{"href":"https:\/\/www.europesays.com\/fi\/wp-json\/wp\/v2\/types\/post"}],"author":[{"embeddable":true,"href":"https:\/\/www.europesays.com\/fi\/wp-json\/wp\/v2\/users\/2"}],"replies":[{"embeddable":true,"href":"https:\/\/www.europesays.com\/fi\/wp-json\/wp\/v2\/comments?post=9821"}],"version-history":[{"count":0,"href":"https:\/\/www.europesays.com\/fi\/wp-json\/wp\/v2\/posts\/9821\/revisions"}],"wp:featuredmedia":[{"embeddable":true,"href":"https:\/\/www.europesays.com\/fi\/wp-json\/wp\/v2\/media\/9822"}],"wp:attachment":[{"href":"https:\/\/www.europesays.com\/fi\/wp-json\/wp\/v2\/media?parent=9821"}],"wp:term":[{"taxonomy":"category","embeddable":true,"href":"https:\/\/www.europesays.com\/fi\/wp-json\/wp\/v2\/categories?post=9821"},{"taxonomy":"post_tag","embeddable":true,"href":"https:\/\/www.europesays.com\/fi\/wp-json\/wp\/v2\/tags?post=9821"}],"curies":[{"name":"wp","href":"https:\/\/api.w.org\/{rel}","templated":true}]}}