{"id":98298,"date":"2025-11-24T00:33:11","date_gmt":"2025-11-24T00:33:11","guid":{"rendered":"https:\/\/www.europesays.com\/fi\/98298\/"},"modified":"2025-11-24T00:33:11","modified_gmt":"2025-11-24T00:33:11","slug":"meresta-loytyi-vainaja-helsingin-kalasatamassa-poliisi-ei-epaile-rikosta","status":"publish","type":"post","link":"https:\/\/www.europesays.com\/fi\/98298\/","title":{"rendered":"Merest\u00e4 l\u00f6ytyi vainaja Helsingin Kalasatamassa, poliisi ei ep\u00e4ile rikosta"},"content":{"rendered":"<p>Poliisi|Ruumis nostettiin merest\u00e4 sunnuntaina iltap\u00e4iv\u00e4ll\u00e4.<\/p>\n<p>23.11. 15:04<\/p>\n<p class=\"article-body mb-nof-24 px-nof-16\">Merest\u00e4 Helsingin Kalasataman edustalta l\u00f6ytyi vainaja sunnuntaina iltap\u00e4iv\u00e4ll\u00e4.<\/p>\n<p class=\"article-body mb-nof-24 px-nof-16\">Helsingin poliisin johtokeskuksesta vahvistetaan teht\u00e4v\u00e4 HS:lle.<\/p>\n<p class=\"article-body mb-nof-24 px-nof-16\">Poliisin mukaan kyseess\u00e4 on aiemmin etsinn\u00e4ss\u00e4 ollut kadonnut henkil\u00f6. Poliisi pyysi viimeksi 19. marraskuuta havaintoja marraskuun alussa kadonneesta 30-vuotiaasta miehest\u00e4.<\/p>\n<p class=\"article-body mb-nof-24 px-nof-16\">Poliisi ei ep\u00e4ile, ett\u00e4 miehen katoamiseen tai kuolemaan liittyisi rikosta. Poliisi jatkaa asian selvitt\u00e4mist\u00e4 kuolemansyyn selvitt\u00e4misen\u00e4. Asiasta ei tiedoteta enemp\u00e4\u00e4.<\/p>\n","protected":false},"excerpt":{"rendered":"Poliisi|Ruumis nostettiin merest\u00e4 sunnuntaina iltap\u00e4iv\u00e4ll\u00e4. 23.11. 15:04 Merest\u00e4 Helsingin Kalasataman edustalta l\u00f6ytyi vainaja sunnuntaina iltap\u00e4iv\u00e4ll\u00e4. Helsingin poliisin johtokeskuksesta&hellip;\n","protected":false},"author":2,"featured_media":96697,"comment_status":"","ping_status":"","sticky":false,"template":"","format":"standard","meta":{"footnotes":""},"categories":[12],"tags":[22,23,26,27,33,31,30,17,46,24,25,28,29,15,18,21,32,19,20,16],"class_list":{"0":"post-98298","1":"post","2":"type-post","3":"status-publish","4":"format-standard","5":"has-post-thumbnail","7":"category-suomi","8":"tag-breaking-news","9":"tag-breakingnews","10":"tag-featured-news","11":"tag-featurednews","12":"tag-fi","13":"tag-finland","14":"tag-finnish","15":"tag-headlines","16":"tag-helsingin-sanomat","17":"tag-latest-news","18":"tag-latestnews","19":"tag-main-news","20":"tag-mainnews","21":"tag-news","22":"tag-otsikot","23":"tag-paauutiset","24":"tag-suomi","25":"tag-top-stories","26":"tag-topstories","27":"tag-uutiset"},"share_on_mastodon":{"url":"https:\/\/pubeurope.com\/@fi\/115601867075882179","error":""},"_links":{"self":[{"href":"https:\/\/www.europesays.com\/fi\/wp-json\/wp\/v2\/posts\/98298","targetHints":{"allow":["GET"]}}],"collection":[{"href":"https:\/\/www.europesays.com\/fi\/wp-json\/wp\/v2\/posts"}],"about":[{"href":"https:\/\/www.europesays.com\/fi\/wp-json\/wp\/v2\/types\/post"}],"author":[{"embeddable":true,"href":"https:\/\/www.europesays.com\/fi\/wp-json\/wp\/v2\/users\/2"}],"replies":[{"embeddable":true,"href":"https:\/\/www.europesays.com\/fi\/wp-json\/wp\/v2\/comments?post=98298"}],"version-history":[{"count":0,"href":"https:\/\/www.europesays.com\/fi\/wp-json\/wp\/v2\/posts\/98298\/revisions"}],"wp:featuredmedia":[{"embeddable":true,"href":"https:\/\/www.europesays.com\/fi\/wp-json\/wp\/v2\/media\/96697"}],"wp:attachment":[{"href":"https:\/\/www.europesays.com\/fi\/wp-json\/wp\/v2\/media?parent=98298"}],"wp:term":[{"taxonomy":"category","embeddable":true,"href":"https:\/\/www.europesays.com\/fi\/wp-json\/wp\/v2\/categories?post=98298"},{"taxonomy":"post_tag","embeddable":true,"href":"https:\/\/www.europesays.com\/fi\/wp-json\/wp\/v2\/tags?post=98298"}],"curies":[{"name":"wp","href":"https:\/\/api.w.org\/{rel}","templated":true}]}}