{"id":98318,"date":"2025-11-24T01:24:09","date_gmt":"2025-11-24T01:24:09","guid":{"rendered":"https:\/\/www.europesays.com\/fi\/98318\/"},"modified":"2025-11-24T01:24:09","modified_gmt":"2025-11-24T01:24:09","slug":"yhdysvallat-ja-ukraina-sanovat-laatineensa-paivitetyn-suunnitelman","status":"publish","type":"post","link":"https:\/\/www.europesays.com\/fi\/98318\/","title":{"rendered":"Yhdysvallat ja Ukraina sanovat laatineensa p\u00e4ivitetyn suunnitelman"},"content":{"rendered":"<p>Ukrainan sota|Yhdysvallat lupaa kunnioittaa Ukrainan suvereniteettia.<\/p>\n<p class=\"article-body mb-nof-24 px-nof-16\">Yhdysvallat ja Ukraina ovat sunnuntaina Sveitsiss\u00e4 k\u00e4ymiss\u00e4\u00e4n keskusteluissa laatineet p\u00e4ivitetyn puitesuunnitelman rauhasta, kertovat maat yhteisess\u00e4 julkilausumassa.<\/p>\n<p class=\"article-body mb-nof-24 px-nof-16\">\u201dKeskusteluissa saavutettiin merkitt\u00e4v\u00e4\u00e4 edistyst\u00e4 kohti kantojen l\u00e4hentymist\u00e4\u201d, lukee julkilausumassa.<\/p>\n<p class=\"article-body mb-nof-24 px-nof-16\">Lausuma julkaistiin varhain maanantaina Suomen aikaa sen j\u00e4lkeen kun maiden edustajat olivat keskustelleet niin sanotusta rauhanehdotuksesta, jonka Yhdysvallat viime viikolla antoi Ven\u00e4j\u00e4n hy\u00f6kk\u00e4yssodan lopettamiseksi Ukrainassa.<\/p>\n<p class=\"article-body mb-nof-24 px-nof-16\">Saman lausuman julkaisivat presidentin kansliat sek\u00e4 Ukrainassa ett\u00e4 <a class=\"article-genericlink\" href=\"https:\/\/www.whitehouse.gov\/briefings-statements\/2025\/11\/joint-statement-on-united-states-ukraine-meeting\/\" rel=\"nofollow noopener\" target=\"_blank\">Yhdysvalloissa<\/a>.<\/p>\n<p class=\"article-body mb-nof-24 px-nof-16\">Erillisess\u00e4 omassa lausunnossaan Yhdysvaltojen presidentin hallinto ilmoitti, ett\u00e4 uusi versio rauhansuunnitelmasta sis\u00e4lt\u00e4\u00e4 vahvennetut turvatakuut ja ett\u00e4 Ukrainan edustajien mukaan se my\u00f6s \u201dheijastaa heid\u00e4n kansallisia intressej\u00e4\u00e4n\u201d, kertoo uutistoimisto Reuters.<\/p>\n<p class=\"article-body mb-nof-24 px-nof-16\">Ukrainan edustajat eiv\u00e4t antaneet omaa erillist\u00e4 lausuntoa.<\/p>\n<p class=\"article-body mb-nof-24 px-nof-16\">Maiden yhteisess\u00e4 julkilausumassa todetaan, ett\u00e4 mink\u00e4 tahansa tulevan sopimuksen pit\u00e4\u00e4 taata Ukrainan suvereniteetti.<\/p>\n<p class=\"article-body mb-nof-24 px-nof-16\">\u201dHe vahvistivat, ett\u00e4 tulevissa sopimuksissa on t\u00e4ydellisesti kunnioitettava Ukrainan suvereniteettia ja saatava aikaan kest\u00e4v\u00e4 ja oikeudenmukainen rauha\u201d, lukee julkilausumassa viitaten Ukrainan ja Yhdysvaltojen edustajien keskusteluihin.<\/p>\n<p class=\"article-body mb-nof-24 px-nof-16\">Yhteisen lausuman mukaan Yhdysvallat ja Ukraina sopivat jatkavansa ty\u00f6t\u00e4 yhteisten ehdotusten hiomiseksi tulevina p\u00e4ivin\u00e4. Lopulliset p\u00e4\u00e4t\u00f6kset rauhansuunnitelmasta tekev\u00e4t Yhdysvaltojen ja Ukrainan presidentit, lausumassa todetaan.<\/p>\n<p class=\"article-body mb-nof-24 px-nof-16\">Keskusteluihin Genevess\u00e4 osallistunut Yhdysvaltojen ulkoministeri <a class=\"article-personlink\" href=\"https:\/\/www.hs.fi\/haku\/?query=Marco%20Rubio\" rel=\"nofollow noopener\" target=\"_blank\">Marco Rubio<\/a> l\u00e4hti paluumatkalle Genevest\u00e4 varhain maanantaina, <a class=\"article-genericlink\" href=\"https:\/\/edition.cnn.com\/politics\/live-news\/trump-ukraine-news-11-23-25?post-id=cmicdc3il00053b6nxrhkagqw\" rel=\"nofollow noopener\" target=\"_blank\">kertoi<\/a> uutiskanava CNN. Siit\u00e4 ei ollut tietoa, j\u00e4ik\u00f6 Geneveen viel\u00e4 muita Yhdysvaltojen edustajia mahdollisesti jatkamaan ehdotusten hiomista.<\/p>\n<p class=\"article-body mb-nof-24 px-nof-16\">Maiden yhteisess\u00e4 lausumassa mainitaan my\u00f6s kiitollisuus. Viel\u00e4 sunnuntaina Yhdysvaltojen presidentti <a class=\"article-personlink\" href=\"https:\/\/www.hs.fi\/haku\/?query=Donald%20Trump\" rel=\"nofollow noopener\" target=\"_blank\">Donald Trump<\/a> paasasi Truth Social -viestipalvelussaan, ett\u00e4 Ukrainan johto ei ole lainkaan osoittanut kiitollisuutta Yhdysvaltojen ponnisteluista.<\/p>\n<p class=\"article-body mb-nof-24 px-nof-16\">\u201dUkrainan valtuuskunta toisti olevansa kiitollinen Yhdysvaltojen ja henkil\u00f6kohtaisesti presidentti Donald J. Trumpin vakaasta sitoutumisesta ja v\u00e4sym\u00e4tt\u00f6mist\u00e4 ponnisteluista sodan ja ihmishenkien menetyksen lopettamiseksi\u201d, todetaan yhteisess\u00e4 lausumassa.<\/p>\n<p class=\"article-body mb-nof-24 px-nof-16\">Sunnuntaina uutiskanava <a class=\"article-genericlink\" href=\"https:\/\/www.cnn.com\/politics\/live-news\/trump-ukraine-news-11-23-25?post-id=cmibwdg45002d3b6oojs9b1pn\" rel=\"nofollow noopener\" target=\"_blank\">CNN listasi<\/a> tilanteita, joissa Ukrainan johto itse asiassa on kiitellyt Yhdysvaltoja.<\/p>\n","protected":false},"excerpt":{"rendered":"Ukrainan sota|Yhdysvallat lupaa kunnioittaa Ukrainan suvereniteettia. Yhdysvallat ja Ukraina ovat sunnuntaina Sveitsiss\u00e4 k\u00e4ymiss\u00e4\u00e4n keskusteluissa laatineet p\u00e4ivitetyn puitesuunnitelman rauhasta,&hellip;\n","protected":false},"author":2,"featured_media":98319,"comment_status":"","ping_status":"","sticky":false,"template":"","format":"standard","meta":{"footnotes":""},"categories":[14],"tags":[22,23,26,27,33,31,30,17,46,24,25,28,29,15,18,21,32,19,20,56,16,59,60,61],"class_list":{"0":"post-98318","1":"post","2":"type-post","3":"status-publish","4":"format-standard","5":"has-post-thumbnail","7":"category-ulkomaat","8":"tag-breaking-news","9":"tag-breakingnews","10":"tag-featured-news","11":"tag-featurednews","12":"tag-fi","13":"tag-finland","14":"tag-finnish","15":"tag-headlines","16":"tag-helsingin-sanomat","17":"tag-latest-news","18":"tag-latestnews","19":"tag-main-news","20":"tag-mainnews","21":"tag-news","22":"tag-otsikot","23":"tag-paauutiset","24":"tag-suomi","25":"tag-top-stories","26":"tag-topstories","27":"tag-ulkomaat","28":"tag-uutiset","29":"tag-world","30":"tag-world-news","31":"tag-worldnews"},"share_on_mastodon":{"url":"https:\/\/pubeurope.com\/@fi\/115602067610341627","error":""},"_links":{"self":[{"href":"https:\/\/www.europesays.com\/fi\/wp-json\/wp\/v2\/posts\/98318","targetHints":{"allow":["GET"]}}],"collection":[{"href":"https:\/\/www.europesays.com\/fi\/wp-json\/wp\/v2\/posts"}],"about":[{"href":"https:\/\/www.europesays.com\/fi\/wp-json\/wp\/v2\/types\/post"}],"author":[{"embeddable":true,"href":"https:\/\/www.europesays.com\/fi\/wp-json\/wp\/v2\/users\/2"}],"replies":[{"embeddable":true,"href":"https:\/\/www.europesays.com\/fi\/wp-json\/wp\/v2\/comments?post=98318"}],"version-history":[{"count":0,"href":"https:\/\/www.europesays.com\/fi\/wp-json\/wp\/v2\/posts\/98318\/revisions"}],"wp:featuredmedia":[{"embeddable":true,"href":"https:\/\/www.europesays.com\/fi\/wp-json\/wp\/v2\/media\/98319"}],"wp:attachment":[{"href":"https:\/\/www.europesays.com\/fi\/wp-json\/wp\/v2\/media?parent=98318"}],"wp:term":[{"taxonomy":"category","embeddable":true,"href":"https:\/\/www.europesays.com\/fi\/wp-json\/wp\/v2\/categories?post=98318"},{"taxonomy":"post_tag","embeddable":true,"href":"https:\/\/www.europesays.com\/fi\/wp-json\/wp\/v2\/tags?post=98318"}],"curies":[{"name":"wp","href":"https:\/\/api.w.org\/{rel}","templated":true}]}}