{"id":98427,"date":"2025-11-24T05:18:08","date_gmt":"2025-11-24T05:18:08","guid":{"rendered":"https:\/\/www.europesays.com\/fi\/98427\/"},"modified":"2025-11-24T05:18:08","modified_gmt":"2025-11-24T05:18:08","slug":"orpo-lahtee-afrikkaan-mtv-uutiset","status":"publish","type":"post","link":"https:\/\/www.europesays.com\/fi\/98427\/","title":{"rendered":"Orpo l\u00e4htee Afrikkaan | MTV Uutiset"},"content":{"rendered":"<p><strong class=\"typography-bold\">EU-maat ja Afrikan unioni tapaavat Angolassa. Orpo vierailee my\u00f6s Etel\u00e4-Afrikassa.<\/strong><\/p>\n<p>P\u00e4\u00e4ministeri <strong class=\"typography-bold\">Petteri Orpo<\/strong> (kok.) osallistuu t\u00e4n\u00e4\u00e4n ja huomenna EU:n ja Afrikan unionin huippukokoukseen Angolan p\u00e4\u00e4kaupungissa Luandassa.<\/p>\n<p>Huippukokouksen teemoja ovat kaupan, investointien ja taloudellisten suhteiden edist\u00e4minen. Esill\u00e4 on my\u00f6s yhteisty\u00f6 muuttoliike- ja liikkuvuuskysymyksiss\u00e4.<\/p>\n<p>Angolasta p\u00e4\u00e4ministeri Orpo jatkaa matkaa Etel\u00e4-Afrikkaan, miss\u00e4 h\u00e4n edist\u00e4\u00e4 Suomen ja Etel\u00e4-Afrikan kahdenv\u00e4lisi\u00e4 suhteita. Mukana matkalla on laaja yritysvaltuuskunta.<\/p>\n<p>Etel\u00e4-Afrikka on Suomen suurin kauppakumppani Afrikassa. Sinne on my\u00f6s sijoittunut eniten suomalaisia yrityksi\u00e4 Afrikassa.\u00a0<\/p>\n<p>Suomi vie Etel\u00e4-Afrikkaan koneita sek\u00e4 mets\u00e4teollisuuden, kemianteollisuuden ja kaivosteollisuuden tuotteita.<\/p>\n","protected":false},"excerpt":{"rendered":"EU-maat ja Afrikan unioni tapaavat Angolassa. Orpo vierailee my\u00f6s Etel\u00e4-Afrikassa. P\u00e4\u00e4ministeri Petteri Orpo (kok.) osallistuu t\u00e4n\u00e4\u00e4n ja huomenna&hellip;\n","protected":false},"author":2,"featured_media":98428,"comment_status":"","ping_status":"","sticky":false,"template":"","format":"standard","meta":{"footnotes":""},"categories":[14],"tags":[22,23,26,27,33,31,30,17,24,25,28,29,15,18,21,32,19,20,56,16,59,60,61],"class_list":{"0":"post-98427","1":"post","2":"type-post","3":"status-publish","4":"format-standard","5":"has-post-thumbnail","7":"category-ulkomaat","8":"tag-breaking-news","9":"tag-breakingnews","10":"tag-featured-news","11":"tag-featurednews","12":"tag-fi","13":"tag-finland","14":"tag-finnish","15":"tag-headlines","16":"tag-latest-news","17":"tag-latestnews","18":"tag-main-news","19":"tag-mainnews","20":"tag-news","21":"tag-otsikot","22":"tag-paauutiset","23":"tag-suomi","24":"tag-top-stories","25":"tag-topstories","26":"tag-ulkomaat","27":"tag-uutiset","28":"tag-world","29":"tag-world-news","30":"tag-worldnews"},"share_on_mastodon":{"url":"https:\/\/pubeurope.com\/@fi\/115602987694748389","error":""},"_links":{"self":[{"href":"https:\/\/www.europesays.com\/fi\/wp-json\/wp\/v2\/posts\/98427","targetHints":{"allow":["GET"]}}],"collection":[{"href":"https:\/\/www.europesays.com\/fi\/wp-json\/wp\/v2\/posts"}],"about":[{"href":"https:\/\/www.europesays.com\/fi\/wp-json\/wp\/v2\/types\/post"}],"author":[{"embeddable":true,"href":"https:\/\/www.europesays.com\/fi\/wp-json\/wp\/v2\/users\/2"}],"replies":[{"embeddable":true,"href":"https:\/\/www.europesays.com\/fi\/wp-json\/wp\/v2\/comments?post=98427"}],"version-history":[{"count":0,"href":"https:\/\/www.europesays.com\/fi\/wp-json\/wp\/v2\/posts\/98427\/revisions"}],"wp:featuredmedia":[{"embeddable":true,"href":"https:\/\/www.europesays.com\/fi\/wp-json\/wp\/v2\/media\/98428"}],"wp:attachment":[{"href":"https:\/\/www.europesays.com\/fi\/wp-json\/wp\/v2\/media?parent=98427"}],"wp:term":[{"taxonomy":"category","embeddable":true,"href":"https:\/\/www.europesays.com\/fi\/wp-json\/wp\/v2\/categories?post=98427"},{"taxonomy":"post_tag","embeddable":true,"href":"https:\/\/www.europesays.com\/fi\/wp-json\/wp\/v2\/tags?post=98427"}],"curies":[{"name":"wp","href":"https:\/\/api.w.org\/{rel}","templated":true}]}}