{"id":98432,"date":"2025-11-24T05:32:09","date_gmt":"2025-11-24T05:32:09","guid":{"rendered":"https:\/\/www.europesays.com\/fi\/98432\/"},"modified":"2025-11-24T05:32:09","modified_gmt":"2025-11-24T05:32:09","slug":"bettina-sagbom-ek-kertoo-tomas-puolisonsa-kuolemasta","status":"publish","type":"post","link":"https:\/\/www.europesays.com\/fi\/98432\/","title":{"rendered":"Bettina S\u00e5gbom-Ek kertoo Tomas-puolisonsa kuolemasta"},"content":{"rendered":"<p>Puolison kuolema musersi Bettinan niin, ett\u00e4 sen j\u00e4lkeinen byrokratia tuntui ylitsep\u00e4\u00e4sem\u00e4tt\u00f6m\u00e4n vaikealta asialta.<\/p>\n<p class=\"article-body mb-nof-24 px-nof-16\">Ylen toimittajan <a class=\"article-personlink\" href=\"https:\/\/www.is.fi\/haku\/?query=Bettina%20S%C3%A5gbom-Ekin\" rel=\"nofollow noopener\" target=\"_blank\">Bettina S\u00e5gbom-Ekin<\/a> puoliso <a class=\"article-personlink\" href=\"https:\/\/www.is.fi\/haku\/?query=Tomas%20Ek\" rel=\"nofollow noopener\" target=\"_blank\">Tomas Ek <\/a>kuoli sy\u00f6p\u00e4\u00e4n toukokuussa 2020. H\u00e4n oli saanut sy\u00f6p\u00e4diagnoosin saman vuoden tammikuussa.<\/p>\n<p class=\"article-body mb-nof-24 px-nof-16\">Pitkin syksy\u00e4 Tomasilla oli ollut pient\u00e4 kuumeilua ja sitten tuli selk\u00e4kipu. Se johtui munuaisista, mutta sit\u00e4 ei silloin viel\u00e4 tiedetty.<\/p>\n","protected":false},"excerpt":{"rendered":"Puolison kuolema musersi Bettinan niin, ett\u00e4 sen j\u00e4lkeinen byrokratia tuntui ylitsep\u00e4\u00e4sem\u00e4tt\u00f6m\u00e4n vaikealta asialta. Ylen toimittajan Bettina S\u00e5gbom-Ekin puoliso&hellip;\n","protected":false},"author":2,"featured_media":98433,"comment_status":"","ping_status":"","sticky":false,"template":"","format":"standard","meta":{"footnotes":""},"categories":[136],"tags":[407,137,33,31,30,34,408,32,109],"class_list":{"0":"post-98432","1":"post","2":"type-post","3":"status-publish","4":"format-standard","5":"has-post-thumbnail","7":"category-julkkikset","8":"tag-celebrities","9":"tag-entertainment","10":"tag-fi","11":"tag-finland","12":"tag-finnish","13":"tag-ilta-sanomat","14":"tag-julkkikset","15":"tag-suomi","16":"tag-viihde"},"share_on_mastodon":{"url":"https:\/\/pubeurope.com\/@fi\/115603042684658600","error":""},"_links":{"self":[{"href":"https:\/\/www.europesays.com\/fi\/wp-json\/wp\/v2\/posts\/98432","targetHints":{"allow":["GET"]}}],"collection":[{"href":"https:\/\/www.europesays.com\/fi\/wp-json\/wp\/v2\/posts"}],"about":[{"href":"https:\/\/www.europesays.com\/fi\/wp-json\/wp\/v2\/types\/post"}],"author":[{"embeddable":true,"href":"https:\/\/www.europesays.com\/fi\/wp-json\/wp\/v2\/users\/2"}],"replies":[{"embeddable":true,"href":"https:\/\/www.europesays.com\/fi\/wp-json\/wp\/v2\/comments?post=98432"}],"version-history":[{"count":0,"href":"https:\/\/www.europesays.com\/fi\/wp-json\/wp\/v2\/posts\/98432\/revisions"}],"wp:featuredmedia":[{"embeddable":true,"href":"https:\/\/www.europesays.com\/fi\/wp-json\/wp\/v2\/media\/98433"}],"wp:attachment":[{"href":"https:\/\/www.europesays.com\/fi\/wp-json\/wp\/v2\/media?parent=98432"}],"wp:term":[{"taxonomy":"category","embeddable":true,"href":"https:\/\/www.europesays.com\/fi\/wp-json\/wp\/v2\/categories?post=98432"},{"taxonomy":"post_tag","embeddable":true,"href":"https:\/\/www.europesays.com\/fi\/wp-json\/wp\/v2\/tags?post=98432"}],"curies":[{"name":"wp","href":"https:\/\/api.w.org\/{rel}","templated":true}]}}