{"id":98470,"date":"2025-11-24T06:31:09","date_gmt":"2025-11-24T06:31:09","guid":{"rendered":"https:\/\/www.europesays.com\/fi\/98470\/"},"modified":"2025-11-24T06:31:09","modified_gmt":"2025-11-24T06:31:09","slug":"utah-jazz-kommentoi-lauri-markkasta-suomeksi","status":"publish","type":"post","link":"https:\/\/www.europesays.com\/fi\/98470\/","title":{"rendered":"Utah Jazz kommentoi Lauri Markkasta Suomeksi"},"content":{"rendered":"<p>Suomalaist\u00e4hden suoristusta kommentoitiin ytimekk\u00e4\u00e4sti somessa.<\/p>\n<p class=\"article-body mb-nof-24 px-nof-16\">Utah Jazz k\u00e4rsi kotikent\u00e4ll\u00e4\u00e4n niukan tappion konferenssinsa sarjakakkoselle Los Angeles Lakersille lukemin 108\u2013106 maanantain vastaisena y\u00f6n\u00e4 Suomen aikaa. Suomalaist\u00e4hti<a class=\"article-personlink\" href=\"https:\/\/www.is.fi\/haku\/?query=%20Lauri%20Markkanen\" rel=\"nofollow noopener\" target=\"_blank\"> Lauri Markkanen<\/a> oli joukkueensa toiseksi tehokkain 20 pisteell\u00e4\u00e4n.<\/p>\n<p class=\"article-body mb-nof-24 px-nof-16\">Markkasen n\u00e4ytt\u00e4v\u00e4 blokki nousi esiin Jazzin sosiaalisen median tilill\u00e4. Siell\u00e4 innostuttiin kirjoittamaan jopa suomea X:n p\u00e4ivityksess\u00e4.<\/p>\n<p class=\"article-body mb-nof-24 px-nof-16\">Videoklipill\u00e4 n\u00e4kyy, kuinka Markkanen blokkaa kylm\u00e4n rauhallisesti vastustajansa <a class=\"article-personlink\" href=\"https:\/\/www.is.fi\/haku\/?query=Austin%20Reavesin\" rel=\"nofollow noopener\" target=\"_blank\">Austin Reavesin <\/a>varmalta n\u00e4ytt\u00e4v\u00e4n korin.<\/p>\n<p class=\"article-body mb-nof-24 px-nof-16\">\u2013 Ei, ei, ei, Jazzin p\u00e4ivityksess\u00e4 lukee.<\/p>\n<p class=\"article-body mb-nof-24 px-nof-16\">Sanojen edess\u00e4 ja per\u00e4ss\u00e4 oli Suomen siniristilippu.<\/p>\n<p class=\"article-body mb-nof-24 px-nof-16\">Markkanen pelasi ottelussa 36 minuuttia ja nappasi seitsem\u00e4n levypalloa.<\/p>\n<p class=\"article-body mb-nof-24 px-nof-16\">Blokattu Reaves oli my\u00f6s oman joukkueensa toiseksi paras korinheitt\u00e4j\u00e4. H\u00e4n nakutti Lakersille 22 pistett\u00e4.<\/p>\n<p class=\"article-body mb-nof-24 px-nof-16\">Lakersin supert\u00e4hti <a class=\"article-personlink\" href=\"https:\/\/www.is.fi\/haku\/?query=Luka%20Doncic\" rel=\"nofollow noopener\" target=\"_blank\">Luka Doncic<\/a> pussitti ottelussa 33 pistett\u00e4. Lajilegenda LeBron James upotti 17 pinnaa.<\/p>\n<p class=\"article-body mb-nof-24 px-nof-16\">Utah on l\u00e4ntisess\u00e4 konferenssissa yhdenten\u00e4toista.<\/p>\n","protected":false},"excerpt":{"rendered":"Suomalaist\u00e4hden suoristusta kommentoitiin ytimekk\u00e4\u00e4sti somessa. Utah Jazz k\u00e4rsi kotikent\u00e4ll\u00e4\u00e4n niukan tappion konferenssinsa sarjakakkoselle Los Angeles Lakersille lukemin 108\u2013106&hellip;\n","protected":false},"author":2,"featured_media":98471,"comment_status":"","ping_status":"","sticky":false,"template":"","format":"standard","meta":{"footnotes":""},"categories":[158],"tags":[33,31,30,34,159,32,160],"class_list":{"0":"post-98470","1":"post","2":"type-post","3":"status-publish","4":"format-standard","5":"has-post-thumbnail","7":"category-urheilu","8":"tag-fi","9":"tag-finland","10":"tag-finnish","11":"tag-ilta-sanomat","12":"tag-sports","13":"tag-suomi","14":"tag-urheilu"},"share_on_mastodon":{"url":"https:\/\/pubeurope.com\/@fi\/115603274765330354","error":""},"_links":{"self":[{"href":"https:\/\/www.europesays.com\/fi\/wp-json\/wp\/v2\/posts\/98470","targetHints":{"allow":["GET"]}}],"collection":[{"href":"https:\/\/www.europesays.com\/fi\/wp-json\/wp\/v2\/posts"}],"about":[{"href":"https:\/\/www.europesays.com\/fi\/wp-json\/wp\/v2\/types\/post"}],"author":[{"embeddable":true,"href":"https:\/\/www.europesays.com\/fi\/wp-json\/wp\/v2\/users\/2"}],"replies":[{"embeddable":true,"href":"https:\/\/www.europesays.com\/fi\/wp-json\/wp\/v2\/comments?post=98470"}],"version-history":[{"count":0,"href":"https:\/\/www.europesays.com\/fi\/wp-json\/wp\/v2\/posts\/98470\/revisions"}],"wp:featuredmedia":[{"embeddable":true,"href":"https:\/\/www.europesays.com\/fi\/wp-json\/wp\/v2\/media\/98471"}],"wp:attachment":[{"href":"https:\/\/www.europesays.com\/fi\/wp-json\/wp\/v2\/media?parent=98470"}],"wp:term":[{"taxonomy":"category","embeddable":true,"href":"https:\/\/www.europesays.com\/fi\/wp-json\/wp\/v2\/categories?post=98470"},{"taxonomy":"post_tag","embeddable":true,"href":"https:\/\/www.europesays.com\/fi\/wp-json\/wp\/v2\/tags?post=98470"}],"curies":[{"name":"wp","href":"https:\/\/api.w.org\/{rel}","templated":true}]}}