{"id":98497,"date":"2025-11-24T07:04:08","date_gmt":"2025-11-24T07:04:08","guid":{"rendered":"https:\/\/www.europesays.com\/fi\/98497\/"},"modified":"2025-11-24T07:04:08","modified_gmt":"2025-11-24T07:04:08","slug":"tunteikas-hetki-ttk-finaalissa-hammensi-katsojia-onko-rakastunut-ilta-sanomat","status":"publish","type":"post","link":"https:\/\/www.europesays.com\/fi\/98497\/","title":{"rendered":"Tunteikas hetki TTK-finaalissa h\u00e4mmensi katsojia\u2013 \u201dOnko rakastunut?\u201d &#8211; Ilta-Sanomat"},"content":{"rendered":"<ol>\n<li><a href=\"https:\/\/news.google.com\/rss\/articles\/CBMiW0FVX3lxTE9OcnpNLTFxemlYNEhJSzN3UmJOaWZXZUY4YzZJNFR2dGo1OExGSDdjMS05a19pY2kxSTZBbGZCd3YwZzR4ZF8tblI1TGl1QU5fREJRYVFnRWJDVk0?oc=5\" target=\"_blank\" rel=\"nofollow noopener\">Tunteikas hetki TTK-finaalissa h\u00e4mmensi katsojia\u2013 \u201dOnko rakastunut?\u201d<\/a>&nbsp;&nbsp;Ilta-Sanomat<\/li>\n<li><a href=\"https:\/\/news.google.com\/rss\/articles\/CBMiUEFVX3lxTFBaeE40Q2lnRTFpanZ4V3pJLXhDTTZvLVh3c1ZRUVgxOUQwSzdOV3JxNXNibmdpcVRNLXZNMHJ3Vm53V0lGVVFLejhOeWowM0xI?oc=5\" target=\"_blank\" rel=\"nofollow noopener\">Eric &#8221;Lakko&#8221; Savolaisen TTK-menestyst\u00e4 juhlitaan koko perheen voimin kotona J\u00e4ms\u00e4ss\u00e4 \u2013 &#8221;M\u00e4\u00e4 oon niin ylpee&#8221;<\/a>&nbsp;&nbsp;Keskisuomalainen<\/li>\n<li><a href=\"https:\/\/news.google.com\/rss\/articles\/CBMihAFBVV95cUxQWnpUQTJCaEVIYV9vSWVLOHYzb1Z3cHpaWFpabVBmVlM1aVRuUE1RQXY1NzdhVDBOZnRfSk1FZ3c5Tk9uMmFaM0o2Q2VsY2NsTHQwYVVmTUJxWmxDZTRnUUVveWliSUZCMmFEaEwwWmdiM19tQkFlb01LbEpSV1RZbWdNNng?oc=5\" target=\"_blank\" rel=\"nofollow noopener\">T\u00e4ss\u00e4 ovat Johannes Holopaisen vanhemmat!<\/a>&nbsp;&nbsp;Seiska.fi<\/li>\n<li><a href=\"https:\/\/news.google.com\/rss\/articles\/CBMiggFBVV95cUxPYXJoQV9mZDhJNzY5cGxXUi05NWFrcXZXRXgyR3JFTUNWQ05FdGgxMHRpeG5ZOURHRUlnRHp2eU1CdUwtT240SEpIUXU1eWVSME9VMk1FZlVNMUhEZHl1aFlzeVFGdER2VEl4U3pKbEtzMGE5Ny10WnlYczhDOGZzMG1R?oc=5\" target=\"_blank\" rel=\"nofollow noopener\">N\u00e4in TTK-voittajaan reagoidaan somessa<\/a>&nbsp;&nbsp;Iltalehti<\/li>\n<li><a href=\"https:\/\/news.google.com\/rss\/articles\/CBMisAFBVV95cUxQZDJoT2xJWVFLRVVCSXg5TVB4YllvWE0wbS1jUkIzUTZzdmt2T2UtUnpLVFhXSVcxalY1b2FEc1FfTVpYSVlFOV9FZTdZOW9fRFdXdVVBODBlRHFibUtZY1IzTkNVVXVFUU12SUZTdmVaY0Vjdm5DZzRxeDFGQXJmOThJTEJ5ZzlLNTFtUjZxcDB3WEo5WFZxZEgyMWFsaWRncjNNbUw0RXlOSTBRMkxYZw?oc=5\" target=\"_blank\" rel=\"nofollow noopener\">T\u00e4ss\u00e4 tulee Tanssii t\u00e4htien kanssa -ohjelman voittaja \u2013 jos ennusteeseen on uskominen<\/a>&nbsp;&nbsp;Como.fi<\/li>\n<\/ol>\n","protected":false},"excerpt":{"rendered":"Tunteikas hetki TTK-finaalissa h\u00e4mmensi katsojia\u2013 \u201dOnko rakastunut?\u201d&nbsp;&nbsp;Ilta-Sanomat Eric &#8221;Lakko&#8221; Savolaisen TTK-menestyst\u00e4 juhlitaan koko perheen voimin kotona J\u00e4ms\u00e4ss\u00e4 \u2013&hellip;\n","protected":false},"author":2,"featured_media":98498,"comment_status":"","ping_status":"","sticky":false,"template":"","format":"standard","meta":{"footnotes":""},"categories":[5],"tags":[22,23,26,27,33,31,30,17,34,24,25,28,29,15,18,21,32,19,20,16],"class_list":{"0":"post-98497","1":"post","2":"type-post","3":"status-publish","4":"format-standard","5":"has-post-thumbnail","7":"category-otsikot","8":"tag-breaking-news","9":"tag-breakingnews","10":"tag-featured-news","11":"tag-featurednews","12":"tag-fi","13":"tag-finland","14":"tag-finnish","15":"tag-headlines","16":"tag-ilta-sanomat","17":"tag-latest-news","18":"tag-latestnews","19":"tag-main-news","20":"tag-mainnews","21":"tag-news","22":"tag-otsikot","23":"tag-paauutiset","24":"tag-suomi","25":"tag-top-stories","26":"tag-topstories","27":"tag-uutiset"},"share_on_mastodon":{"url":"https:\/\/pubeurope.com\/@fi\/115603404461186825","error":""},"_links":{"self":[{"href":"https:\/\/www.europesays.com\/fi\/wp-json\/wp\/v2\/posts\/98497","targetHints":{"allow":["GET"]}}],"collection":[{"href":"https:\/\/www.europesays.com\/fi\/wp-json\/wp\/v2\/posts"}],"about":[{"href":"https:\/\/www.europesays.com\/fi\/wp-json\/wp\/v2\/types\/post"}],"author":[{"embeddable":true,"href":"https:\/\/www.europesays.com\/fi\/wp-json\/wp\/v2\/users\/2"}],"replies":[{"embeddable":true,"href":"https:\/\/www.europesays.com\/fi\/wp-json\/wp\/v2\/comments?post=98497"}],"version-history":[{"count":0,"href":"https:\/\/www.europesays.com\/fi\/wp-json\/wp\/v2\/posts\/98497\/revisions"}],"wp:featuredmedia":[{"embeddable":true,"href":"https:\/\/www.europesays.com\/fi\/wp-json\/wp\/v2\/media\/98498"}],"wp:attachment":[{"href":"https:\/\/www.europesays.com\/fi\/wp-json\/wp\/v2\/media?parent=98497"}],"wp:term":[{"taxonomy":"category","embeddable":true,"href":"https:\/\/www.europesays.com\/fi\/wp-json\/wp\/v2\/categories?post=98497"},{"taxonomy":"post_tag","embeddable":true,"href":"https:\/\/www.europesays.com\/fi\/wp-json\/wp\/v2\/tags?post=98497"}],"curies":[{"name":"wp","href":"https:\/\/api.w.org\/{rel}","templated":true}]}}