{"id":98572,"date":"2025-11-24T09:00:09","date_gmt":"2025-11-24T09:00:09","guid":{"rendered":"https:\/\/www.europesays.com\/fi\/98572\/"},"modified":"2025-11-24T09:00:09","modified_gmt":"2025-11-24T09:00:09","slug":"ttkssa-hurmanneet-anniina-ja-joona-kertovat-suhteestaan","status":"publish","type":"post","link":"https:\/\/www.europesays.com\/fi\/98572\/","title":{"rendered":"TTK:ssa hurmanneet Anniina ja Joona kertovat suhteestaan"},"content":{"rendered":"<p>Anniina ja Joona tanssivat kauniin valssin TTK-studiolla.<\/p>\n<p class=\"article-body mb-nof-24 px-nof-16\">Sunnuntai-iltana Tanssii t\u00e4htien kanssa -studiolla n\u00e4htiin koskettava tanssiesitys, joka hurmasi paikalla olleen yleis\u00f6n t\u00e4ysin.<\/p>\n<p class=\"article-body mb-nof-24 px-nof-16\">Tanssilattialle astelivat ennen tv-l\u00e4hetyst\u00e4 <a class=\"article-personlink\" href=\"https:\/\/www.is.fi\/haku\/?query=Anniina%20Hassinen\" rel=\"nofollow noopener\" target=\"_blank\">Anniina Hassinen <\/a>ja <a class=\"article-personlink\" href=\"https:\/\/www.is.fi\/haku\/?query=Joona%20Korpinen,\" rel=\"nofollow noopener\" target=\"_blank\">Joona Korpinen,<\/a> joiden suurin unelma oli ollut p\u00e4\u00e4st\u00e4 tanssimaan valssia TTK-parketille.<\/p>\n<p class=\"article-body mb-nof-24 px-nof-16\">Kaksikko kertoi paikan p\u00e4\u00e4ll\u00e4 tunnelmistaan Ilta-Sanomille.<\/p>\n<p class=\"article-body mb-nof-24 px-nof-16\">\u2013 T\u00e4m\u00e4 on aina ollut todella iso unelma p\u00e4\u00e4st\u00e4 tanssimaan Tanssii t\u00e4htien kanssa -ohjelmaan. Tuntuu hyv\u00e4lt\u00e4, Joona kertoi.<\/p>\n<p class=\"article-body mb-nof-24 px-nof-16\">H\u00e4nen oma tanssitaipaleensa alkoi, kun h\u00e4n halusi oppia tanssimaan isoveljens\u00e4 h\u00e4it\u00e4 varten.<\/p>\n<p class=\"article-body mb-nof-24 px-nof-16\">\u2013 Siit\u00e4 alkoi t\u00e4m\u00e4 tanssiminen.<\/p>\n<p class=\"article-body mb-nof-24 px-nof-16\">TTK-parketille p\u00e4\u00e4seminen hieman j\u00e4nnitti Anniinaa, mutta kaikki sujui mallikkaasti tanssin py\u00f6rteiss\u00e4.<\/p>\n<p class=\"article-body mb-nof-24 px-nof-16\">\u2013 Tuntui v\u00e4h\u00e4n oudolta, koska en ole ollut ennen t\u00e4\u00e4ll\u00e4 paikan p\u00e4\u00e4ll\u00e4, niin v\u00e4h\u00e4n j\u00e4nnitti. Mutta se meni hyvin, h\u00e4n kommentoi.<\/p>\n<p><img decoding=\"async\" src=\"https:\/\/www.europesays.com\/fi\/wp-content\/uploads\/2025\/11\/1763974809_541_468.jpg\" alt=\"Joona ja Anniina olivat valmistelleet koskettavan valssiesityksen.\" class=\"_Img_1rerz_1\" style=\"aspect-ratio:1.5047021943573669\" loading=\"eager\"\/><\/p>\n<p class=\"article-picture-caption\">Joona ja Anniina olivat valmistelleet koskettavan valssiesityksen. Kuva:\u00a0Markku Ulander \/ Lehtikuva<\/p>\n<p class=\"article-body mb-nof-24 px-nof-16\">Anniina ja Joona paljastivat haastattelussa, ett\u00e4 he ovat parisuhteessa kesken\u00e4\u00e4n.<\/p>\n<p class=\"article-body mb-nof-24 px-nof-16\">\u2013 Me ollaan yhdess\u00e4, ollaan pariskunta. Ensi vuoden kes\u00e4ll\u00e4 tulee kaksi vuotta t\u00e4yteen, Joona selvensi.<\/p>\n<p class=\"article-body mb-nof-24 px-nof-16\">Anniinan mukaan kaksikko tapasi toisensa yhteisten harrastuksen kautta, kun he pelasivat s\u00e4hly\u00e4.<\/p>\n<p class=\"article-body mb-nof-24 px-nof-16\">Ennen sunnuntain TTK-l\u00e4hetyksen alkua juontaja <a class=\"article-genericlink\" href=\"https:\/\/www.is.fi\/haku\/?query=Vappu%20Pimi%C3%A4\" rel=\"nofollow noopener\" target=\"_blank\">Vappu Pimi\u00e4<\/a> valaisi, mist\u00e4 Anniinan ja Joonan esiintymisess\u00e4 oli kysymys.<\/p>\n<p class=\"article-body mb-nof-24 px-nof-16\">\u2013 Saimme t\u00e4nne tuotantoon viesti\u00e4, ett\u00e4 t\u00e4m\u00e4n kaksikon suurin unelma on p\u00e4\u00e4st\u00e4 tanssimaan valssia t\u00e4nne TTK-parketille. T\u00e4ss\u00e4 ovat <a class=\"article-personlink\" href=\"https:\/\/www.is.fi\/haku\/?query=Anniina\" rel=\"nofollow noopener\" target=\"_blank\">Anniina<\/a> ja <a class=\"article-personlink\" href=\"https:\/\/www.is.fi\/haku\/?query=Joona\" rel=\"nofollow noopener\" target=\"_blank\">Joona<\/a>, Pimi\u00e4 alusti.<\/p>\n<p class=\"article-body mb-nof-24 px-nof-16\">MTV:n viestinn\u00e4st\u00e4 <a class=\"article-personlink\" href=\"https:\/\/www.is.fi\/haku\/?query=Virpi%20Valtonen\" rel=\"nofollow noopener\" target=\"_blank\">Virpi Valtonen<\/a> avasi, ett\u00e4 Anniina oli ottanut TTK-tuotantoon yhteytt\u00e4. Oli ollut Joonan unelma p\u00e4\u00e4st\u00e4 tanssimaan ohjelmaan. My\u00f6s Kehitysvammaisten Tukiliitto oli j\u00e4rjest\u00e4m\u00e4ss\u00e4 kaksikkoa mukaan ohjelmaan.<\/p>\n<p class=\"article-body mb-nof-24 px-nof-16\">22-vuotias Anniina kertoi itsen\u00e4istymisest\u00e4\u00e4n<a class=\"article-genericlink\" href=\"https:\/\/tukiviesti.fi\/tarinat\/anniina-toivon-tuoja\/\" rel=\"nofollow noopener\" target=\"_blank\"> Tukiviestin<\/a> haastattelussa elokuussa.<\/p>\n<p class=\"article-body mb-nof-24 px-nof-16\">H\u00e4n kertoi asuvansa omassa kodissa tuetusti, ja ett\u00e4 h\u00e4nell\u00e4 on toimitilahuoltajan ammattitutkinto. H\u00e4n tekee palkkaty\u00f6t\u00e4 kolmena p\u00e4iv\u00e4n\u00e4 viikossa.<\/p>\n<p class=\"article-body mb-nof-24 px-nof-16\">Jutussa \u00e4\u00e4neen p\u00e4\u00e4si my\u00f6s Joona, joka kertoi TTK-haaveista Anniinan kanssa.<\/p>\n<p class=\"article-body mb-nof-24 px-nof-16\">\u2013 Haaveeni on joskus p\u00e4\u00e4st\u00e4 rakkaani kanssa yhdess\u00e4 Tanssii t\u00e4htien kanssa -ohjelmaan, Joona sanoi Tukiviestille.<\/p>\n","protected":false},"excerpt":{"rendered":"Anniina ja Joona tanssivat kauniin valssin TTK-studiolla. Sunnuntai-iltana Tanssii t\u00e4htien kanssa -studiolla n\u00e4htiin koskettava tanssiesitys, joka hurmasi paikalla&hellip;\n","protected":false},"author":2,"featured_media":98573,"comment_status":"","ping_status":"","sticky":false,"template":"","format":"standard","meta":{"footnotes":""},"categories":[136],"tags":[407,137,33,31,30,34,408,32,109],"class_list":{"0":"post-98572","1":"post","2":"type-post","3":"status-publish","4":"format-standard","5":"has-post-thumbnail","7":"category-julkkikset","8":"tag-celebrities","9":"tag-entertainment","10":"tag-fi","11":"tag-finland","12":"tag-finnish","13":"tag-ilta-sanomat","14":"tag-julkkikset","15":"tag-suomi","16":"tag-viihde"},"share_on_mastodon":{"url":"https:\/\/pubeurope.com\/@fi\/115603860799190898","error":""},"_links":{"self":[{"href":"https:\/\/www.europesays.com\/fi\/wp-json\/wp\/v2\/posts\/98572","targetHints":{"allow":["GET"]}}],"collection":[{"href":"https:\/\/www.europesays.com\/fi\/wp-json\/wp\/v2\/posts"}],"about":[{"href":"https:\/\/www.europesays.com\/fi\/wp-json\/wp\/v2\/types\/post"}],"author":[{"embeddable":true,"href":"https:\/\/www.europesays.com\/fi\/wp-json\/wp\/v2\/users\/2"}],"replies":[{"embeddable":true,"href":"https:\/\/www.europesays.com\/fi\/wp-json\/wp\/v2\/comments?post=98572"}],"version-history":[{"count":0,"href":"https:\/\/www.europesays.com\/fi\/wp-json\/wp\/v2\/posts\/98572\/revisions"}],"wp:featuredmedia":[{"embeddable":true,"href":"https:\/\/www.europesays.com\/fi\/wp-json\/wp\/v2\/media\/98573"}],"wp:attachment":[{"href":"https:\/\/www.europesays.com\/fi\/wp-json\/wp\/v2\/media?parent=98572"}],"wp:term":[{"taxonomy":"category","embeddable":true,"href":"https:\/\/www.europesays.com\/fi\/wp-json\/wp\/v2\/categories?post=98572"},{"taxonomy":"post_tag","embeddable":true,"href":"https:\/\/www.europesays.com\/fi\/wp-json\/wp\/v2\/tags?post=98572"}],"curies":[{"name":"wp","href":"https:\/\/api.w.org\/{rel}","templated":true}]}}