{"id":98600,"date":"2025-11-24T09:32:08","date_gmt":"2025-11-24T09:32:08","guid":{"rendered":"https:\/\/www.europesays.com\/fi\/98600\/"},"modified":"2025-11-24T09:32:08","modified_gmt":"2025-11-24T09:32:08","slug":"tuusulan-kunta-etsii-hyvinvointijohtajaa-epressi","status":"publish","type":"post","link":"https:\/\/www.europesays.com\/fi\/98600\/","title":{"rendered":"Tuusulan kunta etsii hyvinvointijohtajaa &#8211; ePressi"},"content":{"rendered":"<p>Tuusulan kunta etsii hyvinvointijohtajaa luomaan uutta hyvinvoinnin ja terveyden edist\u00e4misen palvelualuetta. Satsaamalla hyvinvoinnin ja terveyden edist\u00e4miseen Tuusula haluaa rakentaa kest\u00e4v\u00e4\u00e4 kuntataloutta ja tekee ty\u00f6t\u00e4 asukkaiden parhaaksi.  <\/p>\n<p>\u2013 Uuden palvelualueen toiminnoilla vahvistetaan kaiken ik\u00e4isten asukkaiden hyvinvointia. Haluamme, ett\u00e4 yksik\u00e4\u00e4n nuori ei tipu kelkasta ja ett\u00e4 ik\u00e4ihmisill\u00e4 on mielek\u00e4st\u00e4 tekemist\u00e4 ja ett\u00e4 he voivat asua omissa kodeissaan mahdollisimman pitk\u00e4\u00e4n, sanoo kansliap\u00e4\u00e4llikk\u00f6 <strong>Annaliisa Oksanen.<\/strong> <\/p>\n<p>Viran kelpoisuusehtoja ovat soveltuva ylempi korkeakoulututkinto, v\u00e4hint\u00e4\u00e4n viiden vuoden kokemus johtamisesta, erityisesti esihenkil\u00f6ty\u00f6n johtamisesta, kokemus ja n\u00e4kemys palveluiden kehitt\u00e4misest\u00e4 ja palvelumuotoilusta sek\u00e4 ymm\u00e4rrys kunnasta toimintaymp\u00e4rist\u00f6n\u00e4. Virkaan valittavalta edellytet\u00e4\u00e4n lis\u00e4ksi hyv\u00e4\u00e4 englannin kielen ja tyydytt\u00e4v\u00e4\u00e4 ruotsin kielen taitoa.  <\/p>\n<p>Lis\u00e4tiedot teht\u00e4v\u00e4st\u00e4 ja ohjeet hakemiseen l\u00f6ytyv\u00e4t kunnan verkkosivustolta osoitteesta <a href=\"https:\/\/www.tuusula.fi\/tyopaikat\" rel=\"nofollow noopener\" target=\"_blank\">www.tuusula.fi\/tyopaikat<\/a>. Hakuaika p\u00e4\u00e4ttyy 5.1.2026 kello 15.45.  <\/p>\n<p>Lis\u00e4tiedot:   <\/p>\n<p>Kansliap\u00e4\u00e4llikk\u00f6 Annaliisa Oksanen, <a href=\"http:\/\/www.epressi.com\/cdn-cgi\/l\/email-protection#4f2e21212e2326263c2e6120243c2e212a210f3b3a3a3c3a232e612926\" rel=\"nofollow noopener\" target=\"_blank\">[email\u00a0protected]<\/a>, 040 314 2999 <\/p>\n<p>Senior Headhunter Pia Heiskari, <a href=\"http:\/\/www.epressi.com\/cdn-cgi\/l\/email-protection#6e1e070f40060b071d050f1c072e190f001a0b0a091c011b1e400807\" rel=\"nofollow noopener\" target=\"_blank\">[email\u00a0protected]<\/a>, 050 300 2505 <\/p>\n<p>Senior Headhunter Janne Ilom\u00e4ki, <a href=\"http:\/\/www.epressi.com\/cdn-cgi\/l\/email-protection#f9939897979cd790959694989290b98e98978d9c9d9e8b968c89d79f90\" rel=\"nofollow noopener\" target=\"_blank\">[email\u00a0protected]<\/a>, 050 364 0028 <\/p>\n","protected":false},"excerpt":{"rendered":"Tuusulan kunta etsii hyvinvointijohtajaa luomaan uutta hyvinvoinnin ja terveyden edist\u00e4misen palvelualuetta. Satsaamalla hyvinvoinnin ja terveyden edist\u00e4miseen Tuusula haluaa&hellip;\n","protected":false},"author":2,"featured_media":98601,"comment_status":"","ping_status":"","sticky":false,"template":"","format":"standard","meta":{"footnotes":""},"categories":[165],"tags":[33,31,30,166,32,167],"class_list":{"0":"post-98600","1":"post","2":"type-post","3":"status-publish","4":"format-standard","5":"has-post-thumbnail","7":"category-terveys","8":"tag-fi","9":"tag-finland","10":"tag-finnish","11":"tag-health","12":"tag-suomi","13":"tag-terveys"},"share_on_mastodon":{"url":"https:\/\/pubeurope.com\/@fi\/115603986461695031","error":""},"_links":{"self":[{"href":"https:\/\/www.europesays.com\/fi\/wp-json\/wp\/v2\/posts\/98600","targetHints":{"allow":["GET"]}}],"collection":[{"href":"https:\/\/www.europesays.com\/fi\/wp-json\/wp\/v2\/posts"}],"about":[{"href":"https:\/\/www.europesays.com\/fi\/wp-json\/wp\/v2\/types\/post"}],"author":[{"embeddable":true,"href":"https:\/\/www.europesays.com\/fi\/wp-json\/wp\/v2\/users\/2"}],"replies":[{"embeddable":true,"href":"https:\/\/www.europesays.com\/fi\/wp-json\/wp\/v2\/comments?post=98600"}],"version-history":[{"count":0,"href":"https:\/\/www.europesays.com\/fi\/wp-json\/wp\/v2\/posts\/98600\/revisions"}],"wp:featuredmedia":[{"embeddable":true,"href":"https:\/\/www.europesays.com\/fi\/wp-json\/wp\/v2\/media\/98601"}],"wp:attachment":[{"href":"https:\/\/www.europesays.com\/fi\/wp-json\/wp\/v2\/media?parent=98600"}],"wp:term":[{"taxonomy":"category","embeddable":true,"href":"https:\/\/www.europesays.com\/fi\/wp-json\/wp\/v2\/categories?post=98600"},{"taxonomy":"post_tag","embeddable":true,"href":"https:\/\/www.europesays.com\/fi\/wp-json\/wp\/v2\/tags?post=98600"}],"curies":[{"name":"wp","href":"https:\/\/api.w.org\/{rel}","templated":true}]}}