{"id":98624,"date":"2025-11-24T09:59:10","date_gmt":"2025-11-24T09:59:10","guid":{"rendered":"https:\/\/www.europesays.com\/fi\/98624\/"},"modified":"2025-11-24T09:59:10","modified_gmt":"2025-11-24T09:59:10","slug":"eva-wahlstrom-kertoo-kauheasta-tilanteesta-verta-alkoi-pulputa","status":"publish","type":"post","link":"https:\/\/www.europesays.com\/fi\/98624\/","title":{"rendered":"Eva Wahlstr\u00f6m kertoo kauheasta tilanteesta: \u201dVerta alkoi pulputa\u201d"},"content":{"rendered":"<p>Eva Wahlstr\u00f6m kiitteli Instagramissa tsemppiviesteist\u00e4.<\/p>\n<p><img decoding=\"async\" class=\"image image-show image-preview\" src=\"https:\/\/www.europesays.com\/fi\/wp-content\/uploads\/2025\/11\/5270315a0739334dce4bd2ca59ed8edb19602f08ab8ad7db9007093bd3d61477.jpg\" alt=\"\"\/><img decoding=\"async\" class=\"image image-show\" src=\"https:\/\/www.europesays.com\/fi\/wp-content\/uploads\/2025\/11\/1763978350_604_5270315a0739334dce4bd2ca59ed8edb19602f08ab8ad7db9007093bd3d61477.jpg\" alt=\"\"\/><\/p>\n<p>Eva Wahlstr\u00f6m oli miehens\u00e4 tukena Saksassa. Henri K\u00e4rkk\u00e4inen<\/p>\n<p class=\"paragraph\">Nyrkkeilij\u00e4 <strong>Niklas R\u00e4s\u00e4sen<\/strong> silm\u00e4npohja ja poskiluu murtuivat lauantai-illan matsissa, kun kosovolainen <strong>Armend Xhoxhaj<\/strong> p\u00e4\u00e4si yll\u00e4tt\u00e4m\u00e4\u00e4n suomalaisen.<\/p>\n<p class=\"paragraph\">R\u00e4s\u00e4sen puoliso <strong>Eva Wahlstr\u00f6m<\/strong> oli paikan p\u00e4\u00e4ll\u00e4 Saksassa miehens\u00e4 tukena. Nyt nainen kiittelee Instagramissa ihmisten l\u00e4hett\u00e4mist\u00e4 tsemppiviesteist\u00e4.<\/p>\n<p class=\"paragraph\">Wahlstr\u00f6m julkaisi my\u00f6s rajuja kuvia R\u00e4s\u00e4sest\u00e4 ja kertoi, miten mies p\u00e4\u00e4tyi ottelemaan Saksaan lyhyell\u00e4 varoitusajalla.<\/p>\n<p class=\"paragraph\">\u2013 Nikulle tarjottiin tilaisuus otella EM-vy\u00f6st\u00e4 Saksassa, 10 er\u00e4\u00e4 ja huippuvastustaja. Valmistautumisaikaa oli vain 2,5 viikkoa, aivan liian v\u00e4h\u00e4n, mutta vastustajan tyyli sopi Nikulle t\u00e4ydellisesti, ja joskus on vaan pakko tarttua tilaisuuteen, kun se annetaan, Wahlstr\u00f6m kertoo.<\/p>\n<p class=\"paragraph\">Ottelu alkoi Wahlstr\u00f6min mukaan R\u00e4s\u00e4selt\u00e4 hyvin, ja homma oli miehen hallussa.<\/p>\n<p class=\"paragraph\">\u2013 Veikkaan, ett\u00e4 matsin puoliv\u00e4liss\u00e4 oltiin v\u00e4hint\u00e4\u00e4n pari er\u00e4\u00e4 edell\u00e4, ja Nikun nyrkkeily parani koko ajan, Wahlstr\u00f6m kirjoittaa<\/p>\n<p class=\"paragraph\">Mutta sitten Xhoxhaj osui pahasti takak\u00e4dell\u00e4.<\/p>\n<p class=\"paragraph\">\u2013 Juuri sill\u00e4 ly\u00f6nnill\u00e4, jota piti varoa. Niku selvisi kuitenkin tilanteesta hienosti ja sai oman nyrkkeilyn kasaan. Sen j\u00e4lkeen osui kevyen n\u00e4k\u00f6inen uppari, ja verta alkoi pulputa silm\u00e4n alta ja Niku lyyhistyi kanveesiin sanoen kulmaan, ettei n\u00e4e toisella silm\u00e4ll\u00e4. Lopetettiin matsi siihen.<\/p>\n<p>Pillit soiden sairaalaan<\/p>\n<p class=\"paragraph\">Matsin j\u00e4lkeen R\u00e4s\u00e4sen vointi oli huono.<\/p>\n<p class=\"paragraph\">\u2013 Pukkarissa Niku sanoi, ett\u00e4 on outo olo, huimaa, kasvot puutuu eik\u00e4 h\u00e4n n\u00e4e, joten l\u00e4hdettiin ambulanssilla pillit soiden sairaalaan. Se oli ihan j\u00e4rkytt\u00e4v\u00e4n ahdistavaa, ja siin\u00e4 ehti monta kertaa mietti\u00e4, mit\u00e4 sanoisi <strong>Elialle<\/strong>, jos isk\u00e4 ei palaisikaan kotiin.<\/p>\n<p class=\"paragraph\">Elia on pariskunnan nelj\u00e4vuotias poika.<\/p>\n<p class=\"paragraph\">R\u00e4s\u00e4nen k\u00e4vi sairaalassa magneettikuvissa, joissa vammojen laatu selvisi.<\/p>\n<p class=\"paragraph\">\u2013 Aivot kuvattiin samalla ja ne oli kunnossa. Eli asiat voisivat olla paljon pahemminkin, Wahlstr\u00f6m kertoo.<\/p>\n<p class=\"paragraph\">Lentokent\u00e4ll\u00e4 edess\u00e4 oli kuitenkin seuraava pulma: R\u00e4s\u00e4nen ei saanut aluksi lentolupaa Helsinkiin, koska h\u00e4nell\u00e4 ei ollut tarvittavia lupalappuja l\u00e4\u00e4k\u00e4rilt\u00e4. Niinp\u00e4 Wahlstr\u00f6m l\u00e4hti edelt\u00e4, ja R\u00e4s\u00e4nen tuli per\u00e4ss\u00e4 vasta my\u00f6hemmin.<\/p>\n<p class=\"paragraph\">Kun mies p\u00e4\u00e4si lopulta Suomeen, h\u00e4n suuntasi suoraan sairaalaan.<\/p>\n<p class=\"paragraph\">\u2013 Toivotaan, ett\u00e4 p\u00e4\u00e4see pikaisesti leikkaukseen. Sitten juodaan gl\u00f6gi\u00e4, pelataan Uunoa ja ihmetell\u00e4\u00e4n el\u00e4m\u00e4\u00e4 perheen kanssa, Wahlstr\u00f6m kirjoitti Instagramissa maanantain vastaisena y\u00f6n\u00e4.<\/p>\n<p class=\"paragraph\">Lopuksi h\u00e4n viel\u00e4 muistutti t\u00e4rke\u00e4st\u00e4 asiasta.<\/p>\n<p class=\"paragraph\">\u2013 Nyrkkeily ei ole show\u2019ta, ja riskit ovat isoja. Pit\u00e4k\u00e4\u00e4 huolta itsest\u00e4nne.<\/p>\n","protected":false},"excerpt":{"rendered":"Eva Wahlstr\u00f6m kiitteli Instagramissa tsemppiviesteist\u00e4. Eva Wahlstr\u00f6m oli miehens\u00e4 tukena Saksassa. Henri K\u00e4rkk\u00e4inen Nyrkkeilij\u00e4 Niklas R\u00e4s\u00e4sen silm\u00e4npohja ja&hellip;\n","protected":false},"author":2,"featured_media":98625,"comment_status":"","ping_status":"","sticky":false,"template":"","format":"standard","meta":{"footnotes":""},"categories":[158],"tags":[35,33,31,30,501,41,2461,159,32,502,167,160],"class_list":{"0":"post-98624","1":"post","2":"type-post","3":"status-publish","4":"format-standard","5":"has-post-thumbnail","7":"category-urheilu","8":"tag-24h","9":"tag-fi","10":"tag-finland","11":"tag-finnish","12":"tag-laakaripalvelut","13":"tag-liikunta-ja-urheilu","14":"tag-sairaalat-ja-terveyskeskukset","15":"tag-sports","16":"tag-suomi","17":"tag-terveydenhoito","18":"tag-terveys","19":"tag-urheilu"},"share_on_mastodon":{"url":"https:\/\/pubeurope.com\/@fi\/115604093158716549","error":""},"_links":{"self":[{"href":"https:\/\/www.europesays.com\/fi\/wp-json\/wp\/v2\/posts\/98624","targetHints":{"allow":["GET"]}}],"collection":[{"href":"https:\/\/www.europesays.com\/fi\/wp-json\/wp\/v2\/posts"}],"about":[{"href":"https:\/\/www.europesays.com\/fi\/wp-json\/wp\/v2\/types\/post"}],"author":[{"embeddable":true,"href":"https:\/\/www.europesays.com\/fi\/wp-json\/wp\/v2\/users\/2"}],"replies":[{"embeddable":true,"href":"https:\/\/www.europesays.com\/fi\/wp-json\/wp\/v2\/comments?post=98624"}],"version-history":[{"count":0,"href":"https:\/\/www.europesays.com\/fi\/wp-json\/wp\/v2\/posts\/98624\/revisions"}],"wp:featuredmedia":[{"embeddable":true,"href":"https:\/\/www.europesays.com\/fi\/wp-json\/wp\/v2\/media\/98625"}],"wp:attachment":[{"href":"https:\/\/www.europesays.com\/fi\/wp-json\/wp\/v2\/media?parent=98624"}],"wp:term":[{"taxonomy":"category","embeddable":true,"href":"https:\/\/www.europesays.com\/fi\/wp-json\/wp\/v2\/categories?post=98624"},{"taxonomy":"post_tag","embeddable":true,"href":"https:\/\/www.europesays.com\/fi\/wp-json\/wp\/v2\/tags?post=98624"}],"curies":[{"name":"wp","href":"https:\/\/api.w.org\/{rel}","templated":true}]}}