{"id":98630,"date":"2025-11-24T10:04:11","date_gmt":"2025-11-24T10:04:11","guid":{"rendered":"https:\/\/www.europesays.com\/fi\/98630\/"},"modified":"2025-11-24T10:04:11","modified_gmt":"2025-11-24T10:04:11","slug":"stubb-puhuin-aamulla-zelenskyin-kanssa","status":"publish","type":"post","link":"https:\/\/www.europesays.com\/fi\/98630\/","title":{"rendered":"Stubb: Puhuin aamulla Zelenskyin kanssa"},"content":{"rendered":"<p><strong class=\"typography-bold\">Presidentit keskustelivat t\u00e4n\u00e4\u00e4n aamulla.\u00a0<\/strong><\/p>\n<p>Presidentti <strong class=\"typography-bold\">Alexander Stubb <\/strong>kertoo <a class=\"underline\" data-testid=\"external-link\" href=\"https:\/\/x.com\/alexstubb\/status\/1992839723123970392\" rel=\"noopener noreferrer nofollow\" target=\"_blank\" data-sentry-component=\"ExternalLink\" data-sentry-source-file=\"ExternalLink.tsx\">viestipalvelu X<\/a>:ss\u00e4 keskustelleensa aamulla Ukrainan presidentti <strong class=\"typography-bold\">Volodymyr Zelenskyin <\/strong>kanssa.\u00a0<\/p>\n<p>\u2013 Eilen Genevess\u00e4 pidetyiss\u00e4 neuvotteluissa otettiin askelia kohti rauhaa, mutta ratkaisemattomia kysymyksi\u00e4 on yh\u00e4.<\/p>\n<p>Zelenskyi kiitt\u00e4\u00e4 Stubbia t\u00e4m\u00e4n antamasta tuesta.<\/p>\n<p>X:ss\u00e4 julkaisemassaan viestiss\u00e4 Zelenskyi kirjoittaa, ett\u00e4 juuri nyt on ratkaisevan t\u00e4rke\u00e4\u00e4, ett\u00e4 kaikki yhteisty\u00f6ss\u00e4 kumppanien kanssa tehdyt liikkeet ovat perusteellisesti harkittuja.\u00a0<\/p>\n<p>H\u00e4n sanoo, ett\u00e4 kaikkien p\u00e4\u00e4t\u00f6sten on oltava toteuttamiskelpoisia kest\u00e4v\u00e4n rauhan ja taatun turvallisuuden varmistamiseksi.<\/p>\n<p>Zelenskyin mukaan toimintaa on koordinoitu eritt\u00e4in hyvin. H\u00e4n sanoo my\u00f6s arvostavansa kaikkia aiheesta jaettuja neuvoja ja n\u00e4k\u00f6kulmia.<\/p>\n","protected":false},"excerpt":{"rendered":"Presidentit keskustelivat t\u00e4n\u00e4\u00e4n aamulla.\u00a0 Presidentti Alexander Stubb kertoo viestipalvelu X:ss\u00e4 keskustelleensa aamulla Ukrainan presidentti Volodymyr Zelenskyin kanssa.\u00a0 \u2013&hellip;\n","protected":false},"author":2,"featured_media":98631,"comment_status":"","ping_status":"","sticky":false,"template":"","format":"standard","meta":{"footnotes":""},"categories":[14],"tags":[22,23,26,27,33,31,30,17,24,25,28,29,15,18,21,32,19,20,56,16,59,60,61],"class_list":{"0":"post-98630","1":"post","2":"type-post","3":"status-publish","4":"format-standard","5":"has-post-thumbnail","7":"category-ulkomaat","8":"tag-breaking-news","9":"tag-breakingnews","10":"tag-featured-news","11":"tag-featurednews","12":"tag-fi","13":"tag-finland","14":"tag-finnish","15":"tag-headlines","16":"tag-latest-news","17":"tag-latestnews","18":"tag-main-news","19":"tag-mainnews","20":"tag-news","21":"tag-otsikot","22":"tag-paauutiset","23":"tag-suomi","24":"tag-top-stories","25":"tag-topstories","26":"tag-ulkomaat","27":"tag-uutiset","28":"tag-world","29":"tag-world-news","30":"tag-worldnews"},"share_on_mastodon":{"url":"https:\/\/pubeurope.com\/@fi\/115604112308094713","error":""},"_links":{"self":[{"href":"https:\/\/www.europesays.com\/fi\/wp-json\/wp\/v2\/posts\/98630","targetHints":{"allow":["GET"]}}],"collection":[{"href":"https:\/\/www.europesays.com\/fi\/wp-json\/wp\/v2\/posts"}],"about":[{"href":"https:\/\/www.europesays.com\/fi\/wp-json\/wp\/v2\/types\/post"}],"author":[{"embeddable":true,"href":"https:\/\/www.europesays.com\/fi\/wp-json\/wp\/v2\/users\/2"}],"replies":[{"embeddable":true,"href":"https:\/\/www.europesays.com\/fi\/wp-json\/wp\/v2\/comments?post=98630"}],"version-history":[{"count":0,"href":"https:\/\/www.europesays.com\/fi\/wp-json\/wp\/v2\/posts\/98630\/revisions"}],"wp:featuredmedia":[{"embeddable":true,"href":"https:\/\/www.europesays.com\/fi\/wp-json\/wp\/v2\/media\/98631"}],"wp:attachment":[{"href":"https:\/\/www.europesays.com\/fi\/wp-json\/wp\/v2\/media?parent=98630"}],"wp:term":[{"taxonomy":"category","embeddable":true,"href":"https:\/\/www.europesays.com\/fi\/wp-json\/wp\/v2\/categories?post=98630"},{"taxonomy":"post_tag","embeddable":true,"href":"https:\/\/www.europesays.com\/fi\/wp-json\/wp\/v2\/tags?post=98630"}],"curies":[{"name":"wp","href":"https:\/\/api.w.org\/{rel}","templated":true}]}}