{"id":98800,"date":"2025-11-24T14:14:08","date_gmt":"2025-11-24T14:14:08","guid":{"rendered":"https:\/\/www.europesays.com\/fi\/98800\/"},"modified":"2025-11-24T14:14:08","modified_gmt":"2025-11-24T14:14:08","slug":"pariisissa-avattiin-taiteilija-pekka-halosen-suuri-nayttely-ja-se-on-pahea","status":"publish","type":"post","link":"https:\/\/www.europesays.com\/fi\/98800\/","title":{"rendered":"Pariisissa avattiin taiteilija Pekka Halosen suuri n\u00e4yttely, ja se on p\u00e4he\u00e4"},"content":{"rendered":"<p>Kommentti|Pekka Halosen hulppea Pariisin-n\u00e4yttely puskee suomalaisuutta salmiakin ja Sibeliuksen voimin, mutta toteutus on komean viimeistelty.<\/p>\n<p class=\"article-body mb-nof-24 px-nof-16\">Pariisi<\/p>\n<p class=\"article-body mb-nof-24 px-nof-16\">Pariisissa k\u00e4\u00e4nteentekevi\u00e4 vuosia 1890-luvulla \u201dihanaksi opettajaksi\u201d luonnehtimansa <a class=\"article-personlink\" href=\"https:\/\/www.hs.fi\/haku\/?query=Paul%20Gauguinin\" rel=\"nofollow noopener\" target=\"_blank\">Paul Gauguinin<\/a> opissa viett\u00e4nyt <a class=\"article-personlink\" href=\"https:\/\/www.hs.fi\/haku\/?query=Pekka%20Halonen\" rel=\"nofollow noopener\" target=\"_blank\">Pekka Halonen<\/a> palaa kaupunkiin Tuusulan-tuomiset mukanaan.<\/p>\n<p class=\"article-body mb-nof-24 px-nof-16\">N\u00e4in voisi luonnehtia marraskuun alussa Pariisin historiallisessa Petit Palais\u2019ssa avautunutta Halosen Hymni Suomelle -n\u00e4yttely\u00e4. Se jatkaa ensi vuonna tiivistetyss\u00e4 muodossa Alankomaihin ja Tanskaan.<\/p>\n","protected":false},"excerpt":{"rendered":"Kommentti|Pekka Halosen hulppea Pariisin-n\u00e4yttely puskee suomalaisuutta salmiakin ja Sibeliuksen voimin, mutta toteutus on komean viimeistelty. Pariisi Pariisissa k\u00e4\u00e4nteentekevi\u00e4&hellip;\n","protected":false},"author":2,"featured_media":98801,"comment_status":"","ping_status":"","sticky":false,"template":"","format":"standard","meta":{"footnotes":""},"categories":[135],"tags":[389,387,388,390,137,33,31,30,46,32,394,393,391,392,109],"class_list":{"0":"post-98800","1":"post","2":"type-post","3":"status-publish","4":"format-standard","5":"has-post-thumbnail","7":"category-taiteet-ja-suunnittelu","8":"tag-arts","9":"tag-arts-and-design","10":"tag-artsanddesign","11":"tag-design","12":"tag-entertainment","13":"tag-fi","14":"tag-finland","15":"tag-finnish","16":"tag-helsingin-sanomat","17":"tag-suomi","18":"tag-suunnittelu","19":"tag-taiteet","20":"tag-taiteet-ja-suunnittelu","21":"tag-taiteetsuunnittelu","22":"tag-viihde"},"share_on_mastodon":{"url":"https:\/\/pubeurope.com\/@fi\/115605095272081389","error":""},"_links":{"self":[{"href":"https:\/\/www.europesays.com\/fi\/wp-json\/wp\/v2\/posts\/98800","targetHints":{"allow":["GET"]}}],"collection":[{"href":"https:\/\/www.europesays.com\/fi\/wp-json\/wp\/v2\/posts"}],"about":[{"href":"https:\/\/www.europesays.com\/fi\/wp-json\/wp\/v2\/types\/post"}],"author":[{"embeddable":true,"href":"https:\/\/www.europesays.com\/fi\/wp-json\/wp\/v2\/users\/2"}],"replies":[{"embeddable":true,"href":"https:\/\/www.europesays.com\/fi\/wp-json\/wp\/v2\/comments?post=98800"}],"version-history":[{"count":0,"href":"https:\/\/www.europesays.com\/fi\/wp-json\/wp\/v2\/posts\/98800\/revisions"}],"wp:featuredmedia":[{"embeddable":true,"href":"https:\/\/www.europesays.com\/fi\/wp-json\/wp\/v2\/media\/98801"}],"wp:attachment":[{"href":"https:\/\/www.europesays.com\/fi\/wp-json\/wp\/v2\/media?parent=98800"}],"wp:term":[{"taxonomy":"category","embeddable":true,"href":"https:\/\/www.europesays.com\/fi\/wp-json\/wp\/v2\/categories?post=98800"},{"taxonomy":"post_tag","embeddable":true,"href":"https:\/\/www.europesays.com\/fi\/wp-json\/wp\/v2\/tags?post=98800"}],"curies":[{"name":"wp","href":"https:\/\/api.w.org\/{rel}","templated":true}]}}