{"id":98806,"date":"2025-11-24T14:24:10","date_gmt":"2025-11-24T14:24:10","guid":{"rendered":"https:\/\/www.europesays.com\/fi\/98806\/"},"modified":"2025-11-24T14:24:10","modified_gmt":"2025-11-24T14:24:10","slug":"valmistaja-reagoi-lopultakin-muistien-hintaralliin-viela-ei-kannata-hyppia-ilosta","status":"publish","type":"post","link":"https:\/\/www.europesays.com\/fi\/98806\/","title":{"rendered":"Valmistaja reagoi lopultakin muistien hintaralliin &#8211; viel\u00e4 ei kannata hyppi\u00e4 ilosta"},"content":{"rendered":"<p>Teko\u00e4lyalan DRAM-tarpeet vaikuttavat loputtomalta kaivolta.<\/p>\n<p>Muistien hinnat ovat olleet rajussa kasvussa, ja yksi syy t\u00e4h\u00e4n on ollut teko\u00e4lybuumin lis\u00e4ksi se, etteiv\u00e4t muistivalmistajat ole lis\u00e4nneet tuotantokapasiteettiaan. Asiaa <a href=\"https:\/\/wccftech.com\/sk-hynix-to-increase-dram-production-by-a-whopping-eight-folds\/\" target=\"_blank\" rel=\"noreferrer noopener nofollow\">on<\/a> perusteltu sill\u00e4, etteiv\u00e4t muistivalmistajat halua k\u00e4siins\u00e4 ylim\u00e4\u00e4r\u00e4ist\u00e4 varastoa, jos kysynt\u00e4 yll\u00e4tt\u00e4en laskisi.<\/p>\n<p>SK Hynix aikoo nyt kuitenkin reagoida valtavaan DRAM-kysynt\u00e4\u00e4n. Muistij\u00e4tin suunnitelmissa on paisuttaa tuotantokapasiteettiaan per\u00e4ti kahdeksankertaiseksi vuonna 2026.<\/p>\n<p>M\u00e4\u00e4r\u00e4 kuulostaa suurelta, mutta edes se ei riit\u00e4 kattamaan nykyist\u00e4 kysynt\u00e4\u00e4. On my\u00f6s huomioitava, ett\u00e4 lis\u00e4tuotanto kohdistuu erityisesti GDDR7- ja SOCAMM-muisteihin, joten tuotannon lis\u00e4yksen vaikutus DDR-muistien hintoihin on viel\u00e4 kysymysmerkki.<\/p>\n<p>Tavalliset kuluttajat saavatkin edelleen odotella kauhunsekaisin tuntein, kuinka suuri vaikutus DRAM-muistien hintojen nousulla tulee olemaan paitsi muisteihin itseens\u00e4 niin my\u00f6s teknisten tuotteiden hintoihin, joissa muisteja k\u00e4ytet\u00e4\u00e4n.<\/p>\n<p>Perspektiivi\u00e4 teko\u00e4lyteollisuuden tarpeista antaa OpenAI:n Stargate-projekti. Siit\u00e4 kerrottiin aiemmin, <a href=\"https:\/\/www.tomshardware.com\/pc-components\/dram\/openais-stargate-project-to-consume-up-to-40-percent-of-global-dram-output-inks-deal-with-samsung-and-sk-hynix-to-the-tune-of-up-to-900-000-wafers-per-month\" target=\"_blank\" rel=\"noreferrer noopener nofollow\">ett\u00e4<\/a> projekti rohmuaa maailmanlaajuisesta DRAM-tuotannosta per\u00e4ti 40 prosenttia.<\/p>\n","protected":false},"excerpt":{"rendered":"Teko\u00e4lyalan DRAM-tarpeet vaikuttavat loputtomalta kaivolta. Muistien hinnat ovat olleet rajussa kasvussa, ja yksi syy t\u00e4h\u00e4n on ollut teko\u00e4lybuumin&hellip;\n","protected":false},"author":2,"featured_media":98807,"comment_status":"","ping_status":"","sticky":false,"template":"","format":"standard","meta":{"footnotes":""},"categories":[76],"tags":[79,77,33,31,30,4705,11822,19114,32,78],"class_list":{"0":"post-98806","1":"post","2":"type-post","3":"status-publish","4":"format-standard","5":"has-post-thumbnail","7":"category-talous","8":"tag-business","9":"tag-economy","10":"tag-fi","11":"tag-finland","12":"tag-finnish","13":"tag-markkinat","14":"tag-muistit","15":"tag-sk-hynix","16":"tag-suomi","17":"tag-talous"},"share_on_mastodon":{"url":"https:\/\/pubeurope.com\/@fi\/115605134674697034","error":""},"_links":{"self":[{"href":"https:\/\/www.europesays.com\/fi\/wp-json\/wp\/v2\/posts\/98806","targetHints":{"allow":["GET"]}}],"collection":[{"href":"https:\/\/www.europesays.com\/fi\/wp-json\/wp\/v2\/posts"}],"about":[{"href":"https:\/\/www.europesays.com\/fi\/wp-json\/wp\/v2\/types\/post"}],"author":[{"embeddable":true,"href":"https:\/\/www.europesays.com\/fi\/wp-json\/wp\/v2\/users\/2"}],"replies":[{"embeddable":true,"href":"https:\/\/www.europesays.com\/fi\/wp-json\/wp\/v2\/comments?post=98806"}],"version-history":[{"count":0,"href":"https:\/\/www.europesays.com\/fi\/wp-json\/wp\/v2\/posts\/98806\/revisions"}],"wp:featuredmedia":[{"embeddable":true,"href":"https:\/\/www.europesays.com\/fi\/wp-json\/wp\/v2\/media\/98807"}],"wp:attachment":[{"href":"https:\/\/www.europesays.com\/fi\/wp-json\/wp\/v2\/media?parent=98806"}],"wp:term":[{"taxonomy":"category","embeddable":true,"href":"https:\/\/www.europesays.com\/fi\/wp-json\/wp\/v2\/categories?post=98806"},{"taxonomy":"post_tag","embeddable":true,"href":"https:\/\/www.europesays.com\/fi\/wp-json\/wp\/v2\/tags?post=98806"}],"curies":[{"name":"wp","href":"https:\/\/api.w.org\/{rel}","templated":true}]}}