{"id":98810,"date":"2025-11-24T14:26:11","date_gmt":"2025-11-24T14:26:11","guid":{"rendered":"https:\/\/www.europesays.com\/fi\/98810\/"},"modified":"2025-11-24T14:26:11","modified_gmt":"2025-11-24T14:26:11","slug":"porvoon-kevatkummun-tappo-poliisilta-uutta-tietoa","status":"publish","type":"post","link":"https:\/\/www.europesays.com\/fi\/98810\/","title":{"rendered":"Porvoon Kev\u00e4tkummun tappo: poliisilta uutta tietoa"},"content":{"rendered":"<p>Uhrin ja ep\u00e4illyn lis\u00e4ksi asunnossa oli tapahtuma-aikaan nuorehko aikuinen nainen.<\/p>\n<p>Poliisi ep\u00e4ilee, ett\u00e4 ennen v\u00e4kivaltaa miesten v\u00e4lill\u00e4 olisi ollut riitaa. Ep\u00e4ilty henkirikos tapahtui taposta ep\u00e4illyn asunnossa Porvoossa. Naapuri kuvaili IS:lle, ett\u00e4 poliisit ovat k\u00e4yneet miehen asunnolla aikaisemminkin.Video: Lassi Rinne \/ Lukijan video<\/p>\n<p class=\"article-body mb-nof-24 px-nof-16\">Poliisi on edennyt Porvoon Kev\u00e4tkummussa 15. lokakuuta tapahtuneen henkirikoksen tutkinnassa.<\/p>\n<p class=\"article-body mb-nof-24 px-nof-16\">Poliisi ep\u00e4ilee, ett\u00e4 54-vuotias mies surmasi toisen, 38-vuotiaan miehen ampumalla haulikolla kerrostaloasunnossa. Poliisin k\u00e4sityksen mukaan asunnossa on ammuttu yksi laukaus.<\/p>\n<p class=\"article-body mb-nof-24 px-nof-16\">Uhrin ja ep\u00e4illyn lis\u00e4ksi asunnossa oli tapahtuma-aikaan nuorehko aikuinen nainen.<\/p>\n<p><img decoding=\"async\" src=\"https:\/\/www.europesays.com\/fi\/wp-content\/uploads\/2025\/10\/1760603708_212_468.jpg\" alt=\"Poliisi oli erist\u00e4nyt surma-asunnon lokakuussa.\" class=\"_Img_1rerz_1\" style=\"aspect-ratio:1.5\" loading=\"eager\"\/><\/p>\n<p class=\"article-picture-caption\">Poliisi oli erist\u00e4nyt surma-asunnon lokakuussa. Kuva:\u00a0Lassi Rinne<\/p>\n<p class=\"article-body mb-nof-24 px-nof-16\">Teosta ep\u00e4ilty mies otettiin kiinni tapahtumapaikalta. H\u00e4net vangittiin 17. lokakuuta.<\/p>\n<p class=\"article-body mb-nof-24 px-nof-16\">\u2013 Tapahtuma-aikaan asunnon ulkopuolella olleille henkil\u00f6ille ei ep\u00e4ill\u00e4 aiheutuneen vaaraa sis\u00e4ll\u00e4 kerrostaloasunnossa tapahtuneesta tilanteesta. Jatkamme tapauksen tutkintaa ja asia siirtyy syytt\u00e4j\u00e4lle syyteharkintaan vuodenvaihteessa, rikoskomisario <a class=\"article-personlink\" href=\"https:\/\/www.is.fi\/haku\/?query=Sanna%20Rentola\" rel=\"nofollow noopener\" target=\"_blank\">Sanna Rentola<\/a> kertoo tiedotteessa.<\/p>\n<p class=\"article-body mb-nof-24 px-nof-16\">It\u00e4-Uudenmaan poliisin partio sai keskiviikkoaamuna 15. lokakuuta teht\u00e4v\u00e4n Porvoon Kev\u00e4tkumpuun, miss\u00e4 alustavien tietojen mukaan oli ammuttu aseella kerrostaloasunnossa.<\/p>\n<p class=\"article-body mb-nof-24 px-nof-16\">Poliisin saapuessa kohteeseen asunnosta l\u00f6ytyi 38-vuotias mies, jonka viranomaiset totesivat kuolleeksi.<\/p>\n<p class=\"article-body mb-nof-24 px-nof-16\">Poliisi on aiemmin kertonut, ett\u00e4 uhri ja ep\u00e4ilty tunsivat toisensa.<\/p>\n<p><img decoding=\"async\" src=\"https:\/\/www.europesays.com\/fi\/wp-content\/uploads\/2025\/10\/1760603708_930_468.jpg\" alt=\"Asunnon tapahtumat aiheuttivat kerrostaloalueelle varhaisen poliisioperaation.\" class=\"_Img_1rerz_1\" style=\"aspect-ratio:0.7708333333333334\" loading=\"eager\"\/><\/p>\n<p class=\"article-picture-caption\">Asunnon tapahtumat aiheuttivat kerrostaloalueelle varhaisen poliisioperaation. Kuva:\u00a0Lukijan kuva<\/p>\n<p class=\"article-body mb-nof-24 px-nof-16\">IS:n tietojen mukaan taposta ep\u00e4illyll\u00e4 perheenis\u00e4ll\u00e4 on runsaasti aiempaa rikostaustaa.<\/p>\n<p class=\"article-body mb-nof-24 px-nof-16\">Esimerkiksi vuonna 2021 mies ajautui tappeluun toisen miehen kanssa. Taustalla oli se, ett\u00e4 nykyisin 54-vuotiaan miehen poika oli kertonut, ett\u00e4 toisen miehen lapset olisivat pahoinpidelleet h\u00e4nt\u00e4. Mies meni selvitt\u00e4m\u00e4\u00e4n asiaa toisen is\u00e4n ovelle.<\/p>\n<p class=\"article-body mb-nof-24 px-nof-16\">Miehet riitautuivat kesken\u00e4\u00e4n ja molemmat l\u00f6iv\u00e4t toisiaan useita kertoja. Oikeus tuomitsi molemmat is\u00e4t pahoinpitelyst\u00e4.<\/p>\n<p class=\"article-body mb-nof-24 px-nof-16\">Parikymment\u00e4 vuotta sitten mies on tuomittu Helsingin hovioikeudessa nelj\u00e4ksi vuodeksi vankeuteen raskaista rikoksista. Tuolloin miehen syyksi luettiin muun muassa raiskaus ja tapon yritys.<\/p>\n","protected":false},"excerpt":{"rendered":"Uhrin ja ep\u00e4illyn lis\u00e4ksi asunnossa oli tapahtuma-aikaan nuorehko aikuinen nainen. Poliisi ep\u00e4ilee, ett\u00e4 ennen v\u00e4kivaltaa miesten v\u00e4lill\u00e4 olisi&hellip;\n","protected":false},"author":2,"featured_media":63577,"comment_status":"","ping_status":"","sticky":false,"template":"","format":"standard","meta":{"footnotes":""},"categories":[12],"tags":[22,23,26,27,33,31,30,17,34,24,25,28,29,15,18,21,32,19,20,16],"class_list":{"0":"post-98810","1":"post","2":"type-post","3":"status-publish","4":"format-standard","5":"has-post-thumbnail","7":"category-suomi","8":"tag-breaking-news","9":"tag-breakingnews","10":"tag-featured-news","11":"tag-featurednews","12":"tag-fi","13":"tag-finland","14":"tag-finnish","15":"tag-headlines","16":"tag-ilta-sanomat","17":"tag-latest-news","18":"tag-latestnews","19":"tag-main-news","20":"tag-mainnews","21":"tag-news","22":"tag-otsikot","23":"tag-paauutiset","24":"tag-suomi","25":"tag-top-stories","26":"tag-topstories","27":"tag-uutiset"},"share_on_mastodon":{"url":"https:\/\/pubeurope.com\/@fi\/115605142795251122","error":""},"_links":{"self":[{"href":"https:\/\/www.europesays.com\/fi\/wp-json\/wp\/v2\/posts\/98810","targetHints":{"allow":["GET"]}}],"collection":[{"href":"https:\/\/www.europesays.com\/fi\/wp-json\/wp\/v2\/posts"}],"about":[{"href":"https:\/\/www.europesays.com\/fi\/wp-json\/wp\/v2\/types\/post"}],"author":[{"embeddable":true,"href":"https:\/\/www.europesays.com\/fi\/wp-json\/wp\/v2\/users\/2"}],"replies":[{"embeddable":true,"href":"https:\/\/www.europesays.com\/fi\/wp-json\/wp\/v2\/comments?post=98810"}],"version-history":[{"count":0,"href":"https:\/\/www.europesays.com\/fi\/wp-json\/wp\/v2\/posts\/98810\/revisions"}],"wp:featuredmedia":[{"embeddable":true,"href":"https:\/\/www.europesays.com\/fi\/wp-json\/wp\/v2\/media\/63577"}],"wp:attachment":[{"href":"https:\/\/www.europesays.com\/fi\/wp-json\/wp\/v2\/media?parent=98810"}],"wp:term":[{"taxonomy":"category","embeddable":true,"href":"https:\/\/www.europesays.com\/fi\/wp-json\/wp\/v2\/categories?post=98810"},{"taxonomy":"post_tag","embeddable":true,"href":"https:\/\/www.europesays.com\/fi\/wp-json\/wp\/v2\/tags?post=98810"}],"curies":[{"name":"wp","href":"https:\/\/api.w.org\/{rel}","templated":true}]}}