{"id":98811,"date":"2025-11-24T14:27:10","date_gmt":"2025-11-24T14:27:10","guid":{"rendered":"https:\/\/www.europesays.com\/fi\/98811\/"},"modified":"2025-11-24T14:27:10","modified_gmt":"2025-11-24T14:27:10","slug":"finnair-joutui-perumaan-lennon-syyna-asia-jota-ei-ole-tapahtunut-lahes-12-000-vuoteen","status":"publish","type":"post","link":"https:\/\/www.europesays.com\/fi\/98811\/","title":{"rendered":"Finnair joutui perumaan lennon \u2013 Syyn\u00e4 asia, jota ei ole tapahtunut l\u00e4hes 12 000 vuoteen"},"content":{"rendered":"<p>Etiopiassa sunnuntaina purkautunut tulivuori l\u00e4hetti tuhkapilvi\u00e4 jopa 14 kilometrin korkeuteen. <\/p>\n<p><img decoding=\"async\" class=\"image image-show image-preview\" src=\"https:\/\/www.europesays.com\/fi\/wp-content\/uploads\/2025\/08\/5ede0155da61e347a97a0a8ff7e08e9d2b5c38156b95aab61c6728d79372b234.jpg\" alt=\"\"\/><img decoding=\"async\" class=\"image image-show\" src=\"https:\/\/www.europesays.com\/fi\/wp-content\/uploads\/2025\/08\/1756630088_514_5ede0155da61e347a97a0a8ff7e08e9d2b5c38156b95aab61c6728d79372b234.jpg\" alt=\"\"\/><\/p>\n<p>Finnairin matkustajat kokivat ep\u00e4onnisen matkan Wieniin. Kuvituskuva. Jani Korpela<\/p>\n<p class=\"paragraph\">Etiopialainen tulivuori Hayli Gubbi purkautui sunnuntaina ensimm \u00e4ist\u00e4 kertaa l\u00e4hes 12 000 vuoteen. Asiasta kertoo muun muassa uutistoimisto AFP.<\/p>\n<p class=\"paragraph\">Purkauksen seurauksena syntyneen tuhkapilven vaikutukset ulottuvat Suomeen saakka, sill\u00e4 Finnair joutui perumaan sen vuoksi lennon.<\/p>\n<p class=\"paragraph\">Tulivuori purkautui sunnuntaina usean tunnin ajan. Ranskan Toulousessa sijaitseva tulivuorten tuhkan seurantakeskus (VAAC) raportoi tulivuoren tuhkapilvien levinneen Jemenin, Omanin, Intian ja Pohjois-Pakistanin yli.<\/p>\n<p class=\"paragraph\">Finnair p\u00e4\u00e4tyi perumaan maanantai-iltap\u00e4iv\u00e4lt\u00e4 meno-paluulennon Helsingin ja Bangkokin v\u00e4lill\u00e4, kertoo Finnairin viestint\u00e4p\u00e4\u00e4llikk\u00f6 <strong>Mari Kanerva<\/strong>. Asiakkaita on tiedotettu asiasta ja heille on j\u00e4rjestetty uudet reititykset kohteisiin.<\/p>\n<p class=\"paragraph\">Kanervan mukaan tulivuorenpurkauksen ei pit\u00e4isi n\u00e4ill\u00e4 n\u00e4kymin aiheuttaa muita peruutuksia Finnairin Kaukoid\u00e4n-lentoihin.<\/p>\n<p class=\"paragraph\">\u2013 Joitakin muutoksia lentojen aikatauluihin voi tulla, ja lentoreitit voivat hieman pidenty\u00e4. Olemme t\u00e4n\u00e4\u00e4n tehneet arviota meid\u00e4n omasta liikenneohjelmastamme, ja nyt on riitt\u00e4nyt tuon yhden lennon peruminen, h\u00e4n sanoo.<\/p>\n<p>Historiallinen purkaus<\/p>\n<p class=\"paragraph\">Koillis-Etiopiassa Afarin syv\u00e4ng\u00f6n alueella sijaitseva Hayli Gubbi -tulivuori l\u00e4hetti paksuja tuhkapilvi\u00e4 jopa 14 kilometrin korkeuteen, kertoo Toulousen seurantakeskus.<\/p>\n<p class=\"paragraph\">Noin 500 metrin korkuinen tulivuori sijaitsee laaksossa, jossa on voimakasta geologista toimintaa, sill\u00e4 kaksi mannerlaattaa kohtaavat siell\u00e4.<\/p>\n<p class=\"paragraph\">Tulivuoriin perehtynyt Michiganin teknillisen yliopiston professori <strong>Simon Carn<\/strong> vahvisti <a href=\"https:\/\/bsky.app\/profile\/simoncarn.bsky.social\/post\/3m6ctalr7mc2m\" target=\"_blank\" rel=\"noopener nofollow\">Bluesky-viestipalvelussa<\/a>, ett\u00e4 Hayli Gubbi -tulivuori ei ole purkautunut viimeisimm\u00e4n j\u00e4\u00e4kauden j\u00e4lkeen.<\/p>\n<p class=\"paragraph\">Uutistoimisto AFP:lla ei ollut viel\u00e4 maanantai-iltap\u00e4iv\u00e4ll\u00e4 Suomen aikaa tietoa mahdollisista kuolonuhreista tai pakolaisten m\u00e4\u00e4r\u00e4st\u00e4 purkaukseen liittyen.<\/p>\n","protected":false},"excerpt":{"rendered":"Etiopiassa sunnuntaina purkautunut tulivuori l\u00e4hetti tuhkapilvi\u00e4 jopa 14 kilometrin korkeuteen. Finnairin matkustajat kokivat ep\u00e4onnisen matkan Wieniin. Kuvituskuva. Jani&hellip;\n","protected":false},"author":2,"featured_media":21453,"comment_status":"","ping_status":"","sticky":false,"template":"","format":"standard","meta":{"footnotes":""},"categories":[5],"tags":[35,22,23,26,27,33,31,30,17,3220,24,25,3219,2910,28,29,15,18,21,1203,32,779,19,20,16],"class_list":{"0":"post-98811","1":"post","2":"type-post","3":"status-publish","4":"format-standard","5":"has-post-thumbnail","7":"category-otsikot","8":"tag-24h","9":"tag-breaking-news","10":"tag-breakingnews","11":"tag-featured-news","12":"tag-featurednews","13":"tag-fi","14":"tag-finland","15":"tag-finnish","16":"tag-headlines","17":"tag-ilmakulkuneuvot","18":"tag-latest-news","19":"tag-latestnews","20":"tag-lentokoneet","21":"tag-lentoliikenne-ilmaliikenne","22":"tag-main-news","23":"tag-mainnews","24":"tag-news","25":"tag-otsikot","26":"tag-paauutiset","27":"tag-planeetat-ja-kuu-aurinkokunta","28":"tag-suomi","29":"tag-tahtitiede","30":"tag-top-stories","31":"tag-topstories","32":"tag-uutiset"},"share_on_mastodon":{"url":"https:\/\/pubeurope.com\/@fi\/115605146481472117","error":""},"_links":{"self":[{"href":"https:\/\/www.europesays.com\/fi\/wp-json\/wp\/v2\/posts\/98811","targetHints":{"allow":["GET"]}}],"collection":[{"href":"https:\/\/www.europesays.com\/fi\/wp-json\/wp\/v2\/posts"}],"about":[{"href":"https:\/\/www.europesays.com\/fi\/wp-json\/wp\/v2\/types\/post"}],"author":[{"embeddable":true,"href":"https:\/\/www.europesays.com\/fi\/wp-json\/wp\/v2\/users\/2"}],"replies":[{"embeddable":true,"href":"https:\/\/www.europesays.com\/fi\/wp-json\/wp\/v2\/comments?post=98811"}],"version-history":[{"count":0,"href":"https:\/\/www.europesays.com\/fi\/wp-json\/wp\/v2\/posts\/98811\/revisions"}],"wp:featuredmedia":[{"embeddable":true,"href":"https:\/\/www.europesays.com\/fi\/wp-json\/wp\/v2\/media\/21453"}],"wp:attachment":[{"href":"https:\/\/www.europesays.com\/fi\/wp-json\/wp\/v2\/media?parent=98811"}],"wp:term":[{"taxonomy":"category","embeddable":true,"href":"https:\/\/www.europesays.com\/fi\/wp-json\/wp\/v2\/categories?post=98811"},{"taxonomy":"post_tag","embeddable":true,"href":"https:\/\/www.europesays.com\/fi\/wp-json\/wp\/v2\/tags?post=98811"}],"curies":[{"name":"wp","href":"https:\/\/api.w.org\/{rel}","templated":true}]}}