{"id":98813,"date":"2025-11-24T14:44:07","date_gmt":"2025-11-24T14:44:07","guid":{"rendered":"https:\/\/www.europesays.com\/fi\/98813\/"},"modified":"2025-11-24T14:44:07","modified_gmt":"2025-11-24T14:44:07","slug":"nayttelija-udo-kier-on-kuollut-jatti-jalkensa-myos-pelihistoriaan","status":"publish","type":"post","link":"https:\/\/www.europesays.com\/fi\/98813\/","title":{"rendered":"N\u00e4yttelij\u00e4 Udo Kier on kuollut \u2013 j\u00e4tti j\u00e4lkens\u00e4 my\u00f6s pelihistoriaan"},"content":{"rendered":"<p>Saksalainen n\u00e4yttelij\u00e4 <strong>Udo Kier <\/strong>on kuollut 81-vuotiaana. <\/p>\n<p>Kier ehti urallaan n\u00e4ytell\u00e4 yli 200 elokuvassa. H\u00e4net muistetaan my\u00f6s videopeleist\u00e4, etenkin rooleistaan Command &amp; Conquer: Red Alert 2 ja Command &amp; Conquer: Yuri\u2019s Revenge -pelien Yuri-hahmona.<\/p>\n<p>Kierin oli tarkoitus esiinty\u00e4 my\u00f6s <strong>Hideo Kojiman <\/strong>tulevassa OD-peliss\u00e4, ja h\u00e4nen kasvonsa n\u00e4kyiv\u00e4t sen trailerissa. Viel\u00e4 ei ole varmaa, mit\u00e4 h\u00e4nen roolilleen k\u00e4y. Kojiman mukaan kuvaukset j\u00e4iv\u00e4t pahasti kesken.<\/p>\n<p>\u2013 Olen sanaton. Kaikki tapahtui aivan liian \u00e4kki\u00e4. Lakon vuoksi emme pystyneet kuvaamaan OD:ta pitk\u00e4\u00e4n aikaan, ja jouduimme aikatauluttamaan kuvaukset ensi vuodelle. Jopa tuona aikana Udo ja min\u00e4 vaihdoimme usein s\u00e4hk\u00f6posteja ja pidimme tiiviisti yhteytt\u00e4, Kojima kertoi <a href=\"https:\/\/x.com\/HIDEO_KOJIMA_EN\/status\/1992785286712209409\" rel=\"nofollow\"><strong>X:ssa<\/strong><\/a>. <\/p>\n<p>Kuolinsyy ei ole viel\u00e4 tiedossa. Kier kuoli sairaalassa Palm Springsiss\u00e4, Kaliforniassa.<\/p>\n<p>L\u00e4hde: <a href=\"https:\/\/nordic.ign.com\/command-and-conquer-red-alert-2\/101305\/news\/udo-kier-the-german-actor-who-played-yuri-in-command-and-conquer-red-alert-and-was-set-to-star-in-od\" rel=\"nofollow noopener\" target=\"_blank\"><strong>IGN<\/strong><\/a><\/p>\n<p>Lue my\u00f6s: <a href=\"https:\/\/www.pelaaja.fi\/uutiset\/kop-kop-hideo-kojiman-uusi-kauhupeli-sai-trailerin\/\" title=\"Kop kop! Hideo Kojiman uusi kauhupeli sai trailerin\" class=\"underline-custom !font-pelaaja-otsikko !font-black !underline-offset-4 !decoration-4 !decoration-tilt-light !text-md\" rel=\"nofollow noopener\" target=\"_blank\">Kop kop! Hideo Kojiman uusi kauhupeli sai trailerin<\/a><\/p>\n","protected":false},"excerpt":{"rendered":"Saksalainen n\u00e4yttelij\u00e4 Udo Kier on kuollut 81-vuotiaana. Kier ehti urallaan n\u00e4ytell\u00e4 yli 200 elokuvassa. H\u00e4net muistetaan my\u00f6s videopeleist\u00e4,&hellip;\n","protected":false},"author":2,"featured_media":98814,"comment_status":"","ping_status":"","sticky":false,"template":"","format":"standard","meta":{"footnotes":""},"categories":[131],"tags":[155,137,33,173,31,30,19115,4223,172,19116,32,109],"class_list":{"0":"post-98813","1":"post","2":"type-post","3":"status-publish","4":"format-standard","5":"has-post-thumbnail","7":"category-elokuvat","8":"tag-elokuvat","9":"tag-entertainment","10":"tag-fi","11":"tag-film","12":"tag-finland","13":"tag-finnish","14":"tag-hideo-kojima","15":"tag-kuolleet","16":"tag-movies","17":"tag-od","18":"tag-suomi","19":"tag-viihde"},"share_on_mastodon":{"url":"https:\/\/pubeurope.com\/@fi\/115605213203855054","error":""},"_links":{"self":[{"href":"https:\/\/www.europesays.com\/fi\/wp-json\/wp\/v2\/posts\/98813","targetHints":{"allow":["GET"]}}],"collection":[{"href":"https:\/\/www.europesays.com\/fi\/wp-json\/wp\/v2\/posts"}],"about":[{"href":"https:\/\/www.europesays.com\/fi\/wp-json\/wp\/v2\/types\/post"}],"author":[{"embeddable":true,"href":"https:\/\/www.europesays.com\/fi\/wp-json\/wp\/v2\/users\/2"}],"replies":[{"embeddable":true,"href":"https:\/\/www.europesays.com\/fi\/wp-json\/wp\/v2\/comments?post=98813"}],"version-history":[{"count":0,"href":"https:\/\/www.europesays.com\/fi\/wp-json\/wp\/v2\/posts\/98813\/revisions"}],"wp:featuredmedia":[{"embeddable":true,"href":"https:\/\/www.europesays.com\/fi\/wp-json\/wp\/v2\/media\/98814"}],"wp:attachment":[{"href":"https:\/\/www.europesays.com\/fi\/wp-json\/wp\/v2\/media?parent=98813"}],"wp:term":[{"taxonomy":"category","embeddable":true,"href":"https:\/\/www.europesays.com\/fi\/wp-json\/wp\/v2\/categories?post=98813"},{"taxonomy":"post_tag","embeddable":true,"href":"https:\/\/www.europesays.com\/fi\/wp-json\/wp\/v2\/tags?post=98813"}],"curies":[{"name":"wp","href":"https:\/\/api.w.org\/{rel}","templated":true}]}}