{"id":98815,"date":"2025-11-24T14:46:10","date_gmt":"2025-11-24T14:46:10","guid":{"rendered":"https:\/\/www.europesays.com\/fi\/98815\/"},"modified":"2025-11-24T14:46:10","modified_gmt":"2025-11-24T14:46:10","slug":"palloliiton-poikkeuksellinen-paatos-nostattaa-raivoa-kokenut-futispomo-vaikea-uskoa-voiko-olla-tottakaan-urheilu","status":"publish","type":"post","link":"https:\/\/www.europesays.com\/fi\/98815\/","title":{"rendered":"Palloliiton poikkeuk\u00adsellinen p\u00e4\u00e4t\u00f6s nostattaa raivoa \u2013 kokenut futis\u00adpomo: \u201dVaikea uskoa, voiko olla tottakaan\u201d | Urheilu"},"content":{"rendered":"<p class=\"aw-1gybjub aw-1p7kakr kEtdKx cEmitX yle__article__paragraph\">Kansallisessa liigassa eli Suomen jalkapallon naisten p\u00e4\u00e4sarjassa <a class=\"aw-iao6s4 iHOxEa yle__article__link\" href=\"https:\/\/yle.fi\/a\/74-20195554\" role=\"link\" rel=\"nofollow noopener\" target=\"_blank\">tehtiin p\u00e4\u00e4t\u00f6s<\/a>, jota Palloliitto itsekin kuvaili poikkeukselliseksi.<\/p>\n<p class=\"aw-1gybjub aw-1p7kakr kEtdKx cEmitX yle__article__paragraph\">PK-35 Helsinki luopui liigapaikastaan. Paikka siirtyi Gnistanille, joka pelasi kaudella 2025 Kakkosessa ja nousi toiseksi korkeimmalle sarjatasolle Ykk\u00f6seen.<\/p>\n<p class=\"aw-1gybjub aw-1p7kakr kEtdKx cEmitX yle__article__paragraph\"><a class=\"aw-iao6s4 iHOxEa yle__article__link\" href=\"https:\/\/www.kansallinenliiga.fi\/news\/pk-35n-sarjapaikka-siirtyy-if-gnistanille\/\" role=\"link\" rel=\"nofollow noopener\" target=\"_blank\">Tiedotteen mukaan<\/a> p\u00e4\u00e4t\u00f6s perustui seurojen (PK-35 ja Gnistan) esitykseen ja kilpailuty\u00f6ryhm\u00e4n kokonaisarvioon.<\/p>\n<p class=\"aw-1gybjub aw-1p7kakr kEtdKx cEmitX yle__article__paragraph\">Palloliiton <a class=\"aw-iao6s4 iHOxEa yle__article__link\" href=\"https:\/\/www.palloliitto.fi\/valiokunnat-ja-tyoryhmat\" role=\"link\" rel=\"nofollow noopener\" target=\"_blank\">kilpailuty\u00f6ryhm\u00e4<\/a> arvioi, ett\u00e4 poikkeuksellisuudesta huolimatta sarjapaikan siirto tukee Kansallisen liigan strategisia tavoitteita sek\u00e4 pelaajapolkujen jatkuvuutta ja on suomalaisen naisten pelaaman jalkapallon kannalta tarkoituksenmukaisin vaihtoehto.<\/p>\n<p class=\"aw-1gybjub aw-1p7kakr kEtdKx cEmitX yle__article__paragraph\"><a class=\"aw-iao6s4 iHOxEa yle__article__link\" href=\"https:\/\/www.palloliitto.fi\/saannot-maaraykset-ja-ohjeet?saanto=jalkapallon-kilpailumaaraykset&amp;pykala=6-joukkuetoiminnan-maaraykset\" role=\"link\" rel=\"nofollow noopener\" target=\"_blank\">Kilpailum\u00e4\u00e4r\u00e4ysten<\/a> mukaan sarjapaikan siirto on harkinnanvarainen. Aikuisten valtakunnallisissa sarjoissa sen hyv\u00e4ksyy Palloliiton hallitus.<\/p>\n<p><img decoding=\"async\" alt=\"Jalkapallojoukkue PK-35 Helsingin pelaajat seisovat pettynein\u00e4 pelikent\u00e4ll\u00e4 h\u00e4vityn ottelun j\u00e4lkeen.\" src=\"https:\/\/www.europesays.com\/fi\/wp-content\/uploads\/2025\/11\/39-152447468ca842e2f99e.jpeg\" loading=\"lazy\" class=\"aw-1l9m598 hKVVvP\"\/><\/p>\n<p>Avaa kuvien katselu<\/p>\n<p>Yle Urheilun tietojen mukaan PK-35:n sopimuspelaajille ilmoitettiin torstaina, ettei seura meinaa jatkaa liigassa, ja pelaajat saivat lukea tiedon sarjapaikan siirrosta Kansallisen liigan tiedotteesta. Kuva: Tomi H\u00e4nninen \/ Yle<\/p>\n<p class=\"aw-1gybjub aw-1p7kakr kEtdKx cEmitX yle__article__paragraph\">Palloliiton p\u00e4\u00e4t\u00f6s aiheuttaa n\u00e4r\u00e4\u00e4 etenkin seuroissa, jotka olisivat olleet perim\u00e4ss\u00e4 PK-35:n sarjapaikkaa, jos olisi edetty normaalin t\u00e4ydennysmenettelyn mukaan.<\/p>\n<p class=\"aw-1gybjub aw-1p7kakr kEtdKx cEmitX yle__article__paragraph\">Kansallista liigaa pelattiin kaudella 2025 ensi kertaa uudella mallilla kahdeksan joukkueen voimin. Kuusi parasta jatkoivat runkosarjan j\u00e4lkeen mestaruussarjaan.<\/p>\n<p class=\"aw-1gybjub aw-1p7kakr kEtdKx cEmitX yle__article__paragraph\">Runkosarjan kaksi heikointa kamppailivat karsintasarjassa Ykk\u00f6sen nelj\u00e4n parhaan kanssa. Karsintasarjasta kaksi parasta saivat liigapaikan.<\/p>\n<p>\u201dVaikea oli hetkeen uskoa\u201d<\/p>\n<p class=\"aw-1gybjub aw-1p7kakr kEtdKx cEmitX yle__article__paragraph\">Espoolaisen EBK:n puheenjohtaja <strong class=\"aw-ak79eh KyCXm yle__article__strong\">Juha Pylkk\u00f6<\/strong> pit\u00e4\u00e4 Palloliiton ratkaisua h\u00e4kellytt\u00e4v\u00e4n\u00e4. Pylk\u00f6n mielest\u00e4 uusi sarjamalli toimi ja karsintasarja oli tasainen sek\u00e4 kilpailullinen.<\/p>\n<p class=\"aw-1gybjub aw-1p7kakr kEtdKx cEmitX yle__article__paragraph\">\u2013 Sitten tapahtui n\u00e4in, ett\u00e4 joukkue, joka ei ole pelannut n\u00e4it\u00e4 pelej\u00e4, <a class=\"aw-iao6s4 iHOxEa yle__article__link\" href=\"https:\/\/yle.fi\/a\/74-20195554\" role=\"link\" rel=\"nofollow noopener\" target=\"_blank\">kertoo<\/a>, ett\u00e4 heill\u00e4 on Kansallisen liigan tasoinen joukkue. Me olemme yritt\u00e4neet useamman vuoden pelata Ykk\u00f6st\u00e4 sill\u00e4 mielell\u00e4, ett\u00e4 meill\u00e4 on Kansallisen liigan tasoinen joukkue.<\/p>\n<p class=\"aw-1gybjub aw-1p7kakr kEtdKx cEmitX yle__article__paragraph\">\u2013 Miksi oli t\u00e4m\u00e4 uusi sarjasysteemi ja uudet toimintatavat? Kauhean positiivinen vire. On vaikea ymm\u00e4rt\u00e4\u00e4, mink\u00e4 takia pit\u00e4\u00e4 rikkoa t\u00e4m\u00e4 systeemi.<\/p>\n<p class=\"aw-1gybjub aw-1p7kakr kEtdKx cEmitX yle__article__paragraph\">EBK oli nyt maanantaina varmuuden varalta j\u00e4tt\u00e4m\u00e4ss\u00e4 liigalisenssihakemuksensa, kuten oli tarkoituskin.<\/p>\n<p class=\"aw-1gybjub aw-1p7kakr kEtdKx cEmitX yle__article__paragraph\">\u2013 Kuka en\u00e4\u00e4 viitsii l\u00e4hte\u00e4 tosissaan panostamaan Ykk\u00f6seen, jos ei oikeasti tied\u00e4, mink\u00e4lainen p\u00e4\u00e4t\u00f6s lopulta ulos tulee? Pylkk\u00f6 kyseenalaistaa.<\/p>\n<p><img decoding=\"async\" alt=\"EBK:n puheenjohtaja ja naisten edustusjoukkueen joukkueenjohtaja Juha Pylkk\u00f6.\" src=\"https:\/\/www.europesays.com\/fi\/wp-content\/uploads\/2025\/11\/39-1558532692450d4ea94e.jpeg\" loading=\"lazy\" class=\"aw-1l9m598 hKVVvP\"\/><\/p>\n<p>Avaa kuvien katselu<\/p>\n<p>Juha Pylkk\u00f6 kritisoi Palloliiton perustelua pelaajapolkujen jatkuvuudesta. H\u00e4n sanoo, ett\u00e4 pelaajakehitysty\u00f6t\u00e4 tehd\u00e4\u00e4n suuressa joukossa seuroja, mutta t\u00e4llainen p\u00e4\u00e4t\u00f6s voi lamaannuttaa suureksi pyrkivien seurojen toimintaa. Kuva: EBK<\/p>\n<p class=\"aw-1gybjub aw-1p7kakr kEtdKx cEmitX yle__article__paragraph\">Lis\u00e4ksi Pyykk\u00f6\u00e4 harmittaa viestinn\u00e4n puute ennen Palloliiton p\u00e4\u00e4t\u00f6st\u00e4. PK-35 ja Gnistan olivat k\u00e4yneet kulisseissa pitk\u00e4\u00e4n keskustelua sarjapaikan siirrosta.<\/p>\n<p class=\"aw-1gybjub aw-1p7kakr kEtdKx cEmitX yle__article__paragraph\">\u2013 Olisi voinut laittaa huutokauppaan sen lisenssin. Olisi mekin jotakin haluttu tarjota, Pylkk\u00f6 lataa.<\/p>\n<p class=\"aw-1gybjub aw-1p7kakr kEtdKx cEmitX yle__article__paragraph\">Pylk\u00f6n mukaan EBK selvitt\u00e4\u00e4, miten se voi valittaa Palloliiton p\u00e4\u00e4t\u00f6ksest\u00e4.<\/p>\n<p class=\"aw-1gybjub aw-1p7kakr kEtdKx cEmitX yle__article__paragraph\">My\u00f6s KTP valmistautui j\u00e4tt\u00e4m\u00e4\u00e4n hakemuksensa Kansalliseen liigaan maanantaina.<\/p>\n<p class=\"aw-1gybjub aw-1p7kakr kEtdKx cEmitX yle__article__paragraph\">\u2013 T\u00e4m\u00e4n kaltainen p\u00e4\u00e4t\u00f6s tuntuu hyvin vahvasti urheilullisten periaatteiden vastaisilta. Se tuntuu pyllistykselt\u00e4 niille, jotka pyrkiv\u00e4t tosissaan nousemaan liigaan, tuumaa KTP:n toimitusjohtaja <strong class=\"aw-ak79eh KyCXm yle__article__strong\">Jan Walden<\/strong>.<\/p>\n<p><img decoding=\"async\" alt=\"Jan Walden seisoo KTP:n toimiston edustalla.\" src=\"https:\/\/www.europesays.com\/fi\/wp-content\/uploads\/2025\/11\/39-142396167b49cefe7238.jpeg\" loading=\"lazy\" class=\"aw-1l9m598 hKVVvP\"\/><\/p>\n<p>Avaa kuvien katselu<\/p>\n<p>Veikkausliigan toimitusjohtajana vuosina 2000\u20132010 toiminut Jan Walden sanoo, ett\u00e4 KTP osoitti kent\u00e4ll\u00e4 liigakelpoisuutensa ja sill\u00e4 oli eniten katsojia Kansallisessa Ykk\u00f6sess\u00e4. Kuva: Antti-Jussi Korhonen \/ Yle<\/p>\n<p class=\"aw-1gybjub aw-1p7kakr kEtdKx cEmitX yle__article__paragraph\">Palloliitto toimi s\u00e4\u00e4nt\u00f6jens\u00e4 mahdollistamalla tavalla, eik\u00e4 KTP kritisoi Gnistania, Walden korostaa.<\/p>\n<p class=\"aw-1gybjub aw-1p7kakr kEtdKx cEmitX yle__article__paragraph\">\u2013 Mutta tasapuolisuus, tasa-arvo, oikeudenmukaisuus ja urheilullisuus, jotka ovat kulmakivi\u00e4 jalkapallossa ja joihin on totuttu luottamaan, saivat melkoisen kolauksen.<\/p>\n<p class=\"aw-1gybjub aw-1p7kakr kEtdKx cEmitX yle__article__paragraph\">Palloliiton p\u00e4\u00e4t\u00f6s oli KTP:lle tyrmistys.<\/p>\n<p class=\"aw-1gybjub aw-1p7kakr kEtdKx cEmitX yle__article__paragraph\">\u2013 Vaikea oli hetkeen uskoa, ett\u00e4 voiko olla tottakaan.<\/p>\n<p class=\"aw-1gybjub aw-1p7kakr kEtdKx cEmitX yle__article__paragraph\">\u2013 Ehk\u00e4 suurin k\u00e4rsij\u00e4 on naisten jalkapallo ja sen uskottavuus, kun n\u00e4in voidaan toimia, ja se ottaa rajusti p\u00e4\u00e4h\u00e4n.<\/p>\n<p>Asiantuntija ymm\u00e4rt\u00e4\u00e4 tuskan<\/p>\n<p class=\"aw-1gybjub aw-1p7kakr kEtdKx cEmitX yle__article__paragraph\">Yle Urheilun jalkapalloasiantuntija <strong class=\"aw-ak79eh KyCXm yle__article__strong\">Essi Sainio<\/strong> ymm\u00e4rt\u00e4\u00e4 Palloliiton perustelut alueellisesta pelaajapolusta, mutta yht\u00e4 lailla sen, ett\u00e4 seurat, jotka olisivat seuraavina t\u00e4ydennysmenettelyss\u00e4, ovat tuohtuneita.<\/p>\n<p class=\"aw-1gybjub aw-1p7kakr kEtdKx cEmitX yle__article__paragraph\">\u2013 Seh\u00e4n on mennyt juridisesti oikein, mutta ilmassa on monenlaisia asioita, joita meid\u00e4n t\u00e4ytyisi pohtia.<\/p>\n<p class=\"aw-1gybjub aw-1p7kakr kEtdKx cEmitX yle__article__paragraph\">Seurat, jotka olivat urheilullisesti l\u00e4himp\u00e4n\u00e4 Kansallisen liigan paikkaa, eiv\u00e4t saaneet nyt edes mahdollisuutta.<\/p>\n<p class=\"aw-1gybjub aw-1p7kakr kEtdKx cEmitX yle__article__paragraph\">\u2013 Minun on vaikea antaa hyv\u00e4ksyv\u00e4\u00e4 mielipidett\u00e4 Palloliiton p\u00e4\u00e4t\u00f6kselle, koska p\u00e4\u00e4t\u00f6s t\u00e4llaisenaan ja noilla perusteilla on erikoinen.<\/p>\n<p><img decoding=\"async\" alt=\"Maiju Ruotsalainen ja Essi Sainio studiossa.\" src=\"https:\/\/www.europesays.com\/fi\/wp-content\/uploads\/2025\/11\/39-147795968459867151bc.jpeg\" loading=\"lazy\" class=\"aw-1l9m598 hKVVvP\"\/><\/p>\n<p>Avaa kuvien katselu<\/p>\n<p>Essi Sainio ei ota kantaa Gnistania vastaan, vaan uskoo seuran laadukkaaseen organisaatioon. Kuva: Tomi H\u00e4nninen\/Chilipictures<\/p>\n<p class=\"aw-1gybjub aw-1p7kakr kEtdKx cEmitX yle__article__paragraph\">Lis\u00e4ksi Sainio pohtii, miksi PK-35:ss\u00e4 on ylip\u00e4\u00e4t\u00e4\u00e4n p\u00e4\u00e4stetty toimintaymp\u00e4rist\u00f6 tilaan, jossa sarjapaikasta luopuminen on ainoa vaihtoehto.<\/p>\n<p class=\"aw-1gybjub aw-1p7kakr kEtdKx cEmitX yle__article__paragraph\">H\u00e4n pohtiikin, onko muiden seurojen kannalta reilua, ett\u00e4 yksi seura voi ajaa toimintansa alas ja junailla sarjapaikkansa kulisseissa toiselle seuralle.<\/p>\n<p class=\"aw-1gybjub aw-1p7kakr kEtdKx cEmitX yle__article__paragraph\">\u2013 Otetaanko prosessissa lainkaan huomioon, miten t\u00e4llaiseen tilanteeseen p\u00e4\u00e4dyt\u00e4\u00e4n, ett\u00e4 seuralla ei ole edellytyksi\u00e4 jatkaa? Onko meill\u00e4 Suomessa mink\u00e4\u00e4nlaista j\u00e4rjestelm\u00e4\u00e4 tunnistaa tarpeeksi ajoissa t\u00e4mm\u00f6iset kehityskulut?<\/p>\n<p class=\"aw-1gybjub aw-1p7kakr kEtdKx cEmitX yle__article__paragraph\">Sainion mielest\u00e4 ei ole l\u00e4pin\u00e4kyv\u00e4\u00e4 toimintaa, ettei viime kaudella PK-35:n taakse sijoittuneille annettu edes mahdollisuutta vaikuttaa.<\/p>\n<p class=\"aw-1gybjub aw-1p7kakr kEtdKx cEmitX yle__article__paragraph\">\u2013 Kansallisella liigalla on uusi strategia, sarjasta yritet\u00e4\u00e4n luoda houkuttelevampi ja kilpailullisempi, joten kyll\u00e4 t\u00e4m\u00e4 j\u00e4tt\u00e4\u00e4 monenlaisia kysymyksi\u00e4, kun yksi sarjataso ohitetaan kokonaan (Gnistan Kakkosesta suoraan Kansalliseen liigaan).<\/p>\n<p>Ei t\u00e4ydennysmenettely<\/p>\n<p class=\"aw-1gybjub aw-1p7kakr kEtdKx cEmitX yle__article__paragraph\">Kansallisen liigan kehitysp\u00e4\u00e4llikk\u00f6, entinen A-maajoukkuemaalivahti <strong class=\"aw-ak79eh KyCXm yle__article__strong\">Minna Kauppinen<\/strong> tiet\u00e4\u00e4, millaista n\u00e4r\u00e4\u00e4 p\u00e4\u00e4t\u00f6s on seurakent\u00e4ll\u00e4 aiheuttanut.<\/p>\n<p class=\"aw-1gybjub aw-1p7kakr kEtdKx cEmitX yle__article__paragraph\">\u2013 Suurta harmitusta on, koska tietysti itsekin haluaisin, ett\u00e4 urheilullisin perustein joukkueet sarjaan ja liigaan p\u00e4\u00e4sev\u00e4t.<\/p>\n<p class=\"aw-1gybjub aw-1p7kakr kEtdKx cEmitX yle__article__paragraph\">\u2013 Mutta kun kyse ei ole t\u00e4ydennysmenettelyst\u00e4 vaan sarjapaikan siirrosta, niin puhutaan valitettavasti eri asioista.<\/p>\n<p class=\"aw-1gybjub aw-1p7kakr kEtdKx cEmitX yle__article__paragraph\">Kauppinen vetoaa siihen, ett\u00e4 Palloliiton s\u00e4\u00e4nn\u00f6t mahdollistavat harkinnanvaraisen sarjapaikan siirron, jonka kilpailuty\u00f6ryhm\u00e4 on nyt n\u00e4hnyt tarkoituksenmukaisimmaksi.<\/p>\n<p><img decoding=\"async\" alt=\"Minna Kauppinen aloittaa marraskuussa 2023 Kansallisen liigan kehitysp\u00e4\u00e4llikk\u00f6n\u00e4.\" src=\"https:\/\/www.europesays.com\/fi\/wp-content\/uploads\/2025\/11\/39-11848446526964f40238.jpeg\" loading=\"lazy\" class=\"aw-1l9m598 hKVVvP\"\/><\/p>\n<p>Avaa kuvien katselu<\/p>\n<p>Minna Kauppinen korostaa aiempia vastaavia tapauksia. Esimerkiksi juuri EBK peri t\u00e4ksi kaudeksi toisen espoolaisseuran, GFT:n paikan miesten Futsal-Liigassa. Naisten jalkapalloliigassa esimerkiksi KuPS on perinyt Pallokissojen paikan.  Kuva: Palloliitto<\/p>\n<p class=\"aw-1gybjub aw-1p7kakr kEtdKx cEmitX yle__article__paragraph\">Kauppinen ei usko, ett\u00e4 seurojen valitukset menestyisiv\u00e4t urheilun oikeusturvalautakunnassa. H\u00e4n viittaa aiempiin vastaaviin p\u00e4\u00e4t\u00f6ksiin jalkapallon tai futsalin p\u00e4\u00e4sarjoissa.<\/p>\n<p class=\"aw-1gybjub aw-1p7kakr kEtdKx cEmitX yle__article__paragraph\">Seurat esittiv\u00e4t kritiikki\u00e4 viestinn\u00e4n puutteesta, mutta Kauppinen korostaa t\u00e4m\u00e4nkin osalta, ett\u00e4 kyse ei ollut normaalista t\u00e4ydennysmenettelyst\u00e4.<\/p>\n<p class=\"aw-1gybjub aw-1p7kakr kEtdKx cEmitX yle__article__paragraph\">\u2013 Sen takia ei ollut sitten mahdollista kuulla muita seuroja. Ymm\u00e4rr\u00e4n, ett\u00e4 se tuntuu tosi pahalta seuroissa, jotka on sivuutettu.<\/p>\n<p class=\"aw-1gybjub aw-1p7kakr kEtdKx cEmitX yle__article__paragraph\">T\u00e4ydennysmenettelyyn olisi p\u00e4\u00e4dytty vasta, jos PK-35 ei olisi l\u00f6yt\u00e4nyt seuraa, jolle siirt\u00e4\u00e4 sarjapaikkansa. Palloliitto olisi toki voinut my\u00f6s t\u00e4m\u00e4n siirron torpata.<\/p>\n<p class=\"aw-1gybjub aw-1p7kakr kEtdKx cEmitX yle__article__paragraph\">Kauppinen ei usko, ett\u00e4 ratkaisu olisi isku Kansallisen liigan uskottavuudelle. H\u00e4n sanoo, ett\u00e4 PK-35:n ep\u00e4varma tilanne oli tiedossa jo kauteen 2025 l\u00e4hdett\u00e4ess\u00e4.<\/p>\n<p class=\"aw-1gybjub aw-1p7kakr kEtdKx cEmitX yle__article__paragraph\">\u2013 Uskon, ett\u00e4 tulevat vuodet kuitenkin n\u00e4ytt\u00e4v\u00e4t, ett\u00e4 olemme menossa oikeaan suuntaan eik\u00e4 ole uskottavuudessa ongelmaa, mutta t\u00e4m\u00e4 tuli tosi huonoon saumaan. Sen kyll\u00e4 my\u00f6nn\u00e4n, ett\u00e4 t\u00e4m\u00e4 on tosi s\u00e4\u00e4li, mutta uskon, ett\u00e4 menemme kohti ammattimaista sarjaa, jota pyrimme koko ajan rakentamaan.<\/p>\n","protected":false},"excerpt":{"rendered":"Kansallisessa liigassa eli Suomen jalkapallon naisten p\u00e4\u00e4sarjassa tehtiin p\u00e4\u00e4t\u00f6s, jota Palloliitto itsekin kuvaili poikkeukselliseksi. PK-35 Helsinki luopui liigapaikastaan.&hellip;\n","protected":false},"author":2,"featured_media":98816,"comment_status":"","ping_status":"","sticky":false,"template":"","format":"standard","meta":{"footnotes":""},"categories":[158],"tags":[33,31,30,43,6516,3300,159,12143,32,160],"class_list":{"0":"post-98815","1":"post","2":"type-post","3":"status-publish","4":"format-standard","5":"has-post-thumbnail","7":"category-urheilu","8":"tag-fi","9":"tag-finland","10":"tag-finnish","11":"tag-jalkapallo","12":"tag-kansallinen-liiga","13":"tag-kotimaan-jalkapallo","14":"tag-sports","15":"tag-suomen-palloliitto","16":"tag-suomi","17":"tag-urheilu"},"share_on_mastodon":{"url":"https:\/\/pubeurope.com\/@fi\/115605221657100720","error":""},"_links":{"self":[{"href":"https:\/\/www.europesays.com\/fi\/wp-json\/wp\/v2\/posts\/98815","targetHints":{"allow":["GET"]}}],"collection":[{"href":"https:\/\/www.europesays.com\/fi\/wp-json\/wp\/v2\/posts"}],"about":[{"href":"https:\/\/www.europesays.com\/fi\/wp-json\/wp\/v2\/types\/post"}],"author":[{"embeddable":true,"href":"https:\/\/www.europesays.com\/fi\/wp-json\/wp\/v2\/users\/2"}],"replies":[{"embeddable":true,"href":"https:\/\/www.europesays.com\/fi\/wp-json\/wp\/v2\/comments?post=98815"}],"version-history":[{"count":0,"href":"https:\/\/www.europesays.com\/fi\/wp-json\/wp\/v2\/posts\/98815\/revisions"}],"wp:featuredmedia":[{"embeddable":true,"href":"https:\/\/www.europesays.com\/fi\/wp-json\/wp\/v2\/media\/98816"}],"wp:attachment":[{"href":"https:\/\/www.europesays.com\/fi\/wp-json\/wp\/v2\/media?parent=98815"}],"wp:term":[{"taxonomy":"category","embeddable":true,"href":"https:\/\/www.europesays.com\/fi\/wp-json\/wp\/v2\/categories?post=98815"},{"taxonomy":"post_tag","embeddable":true,"href":"https:\/\/www.europesays.com\/fi\/wp-json\/wp\/v2\/tags?post=98815"}],"curies":[{"name":"wp","href":"https:\/\/api.w.org\/{rel}","templated":true}]}}