{"id":98818,"date":"2025-11-24T14:48:13","date_gmt":"2025-11-24T14:48:13","guid":{"rendered":"https:\/\/www.europesays.com\/fi\/98818\/"},"modified":"2025-11-24T14:48:13","modified_gmt":"2025-11-24T14:48:13","slug":"suden-epaillaan-hyokanneen-ulkoiluttajan-koiria-kohti-forssan-keskustassa-poliisi-kavi-etsimassa-sutta-paikalliset","status":"publish","type":"post","link":"https:\/\/www.europesays.com\/fi\/98818\/","title":{"rendered":"Suden ep\u00e4ill\u00e4\u00e4n hy\u00f6k\u00e4nneen ulkoiluttajan koiria kohti Forssan keskustassa \u2013 Poliisi k\u00e4vi etsim\u00e4ss\u00e4 sutta | Paikalliset"},"content":{"rendered":"<p><img decoding=\"async\" src=\"https:\/\/a.forssanlehti.fi\/styles\/689929b2\/images\/logos\/forssanlehti.svg\" class=\"diks-logo diks-logo--default diks-footer__main-logo--wide\" alt=\"Forssan Lehti\"\/><img decoding=\"async\" src=\"https:\/\/a.forssanlehti.fi\/styles\/689929b2\/images\/logos\/forssanlehti-white.svg\" class=\"diks-logo diks-logo--darkmode diks-footer__main-logo--wide\" alt=\"Forssan Lehti\"\/><\/p>\n<p><strong>Postiosoite:<\/strong> PL 1000, 30101 Forssa<br \/><strong>K\u00e4yntiosoite:<\/strong> H\u00e4meentie 7, Forssa<br \/><strong>P\u00e4\u00e4toimittaja:<\/strong> Johanna Puukka<\/p>\n<p>\t\t\t\t\t\tSovellus<\/p>\n<p>Sovellus sis\u00e4lt\u00e4\u00e4 tuoreet juttumme, joita ilmestyy ymp\u00e4ri vuorokauden vuoden jokaisena p\u00e4iv\u00e4n\u00e4 sek\u00e4 n\u00e4k\u00f6islehtemme liitteineen sek\u00e4 n\u00e4k\u00f6islehtien arkiston. Asenna sovellus laitteesi sovelluskaupasta.<\/p>\n<p>\t\t\t\t\t<a class=\"diks-apps__app-link diks-hide-on-android\" href=\"https:\/\/apps.apple.com\/fi\/app\/forssan-lehti\/id6477518871\" rel=\"nofollow noopener\" target=\"_blank\"><img decoding=\"async\" class=\"diks-apps__app-image\" src=\"https:\/\/a.forssanlehti.fi\/styles\/689929b2\/images\/default\/appstore-badge.svg\" alt=\"Lataa sovellus App Storesta\"\/><\/a><br \/>\n\t\t\t\t\t<a class=\"diks-apps__app-link diks-hide-on-ios\" href=\"https:\/\/play.google.com\/store\/apps\/details?id=fi.media.forssanlehti\" rel=\"nofollow noopener\" target=\"_blank\"><img decoding=\"async\" class=\"diks-apps__app-image\" src=\"https:\/\/a.forssanlehti.fi\/styles\/689929b2\/images\/default\/google-play-badge.svg\" alt=\"Lataa sovellus Google Play -kaupasta\"\/><\/a><\/p>\n","protected":false},"excerpt":{"rendered":"Postiosoite: PL 1000, 30101 ForssaK\u00e4yntiosoite: H\u00e4meentie 7, ForssaP\u00e4\u00e4toimittaja: Johanna Puukka Sovellus Sovellus sis\u00e4lt\u00e4\u00e4 tuoreet juttumme, joita ilmestyy ymp\u00e4ri&hellip;\n","protected":false},"author":2,"featured_media":98819,"comment_status":"","ping_status":"","sticky":false,"template":"","format":"standard","meta":{"footnotes":""},"categories":[112],"tags":[1752,33,31,30,2909,4238,55,52,118,6346,32,4237,119],"class_list":{"0":"post-98818","1":"post","2":"type-post","3":"status-publish","4":"format-standard","5":"has-post-thumbnail","7":"category-tiede","8":"tag-facebook","9":"tag-fi","10":"tag-finland","11":"tag-finnish","12":"tag-forssa","13":"tag-koirat","14":"tag-lainvalvonta","15":"tag-poliisi","16":"tag-science","17":"tag-sudet","18":"tag-suomi","19":"tag-susi","20":"tag-tiede"},"share_on_mastodon":{"url":"https:\/\/pubeurope.com\/@fi\/115605229103900782","error":""},"_links":{"self":[{"href":"https:\/\/www.europesays.com\/fi\/wp-json\/wp\/v2\/posts\/98818","targetHints":{"allow":["GET"]}}],"collection":[{"href":"https:\/\/www.europesays.com\/fi\/wp-json\/wp\/v2\/posts"}],"about":[{"href":"https:\/\/www.europesays.com\/fi\/wp-json\/wp\/v2\/types\/post"}],"author":[{"embeddable":true,"href":"https:\/\/www.europesays.com\/fi\/wp-json\/wp\/v2\/users\/2"}],"replies":[{"embeddable":true,"href":"https:\/\/www.europesays.com\/fi\/wp-json\/wp\/v2\/comments?post=98818"}],"version-history":[{"count":0,"href":"https:\/\/www.europesays.com\/fi\/wp-json\/wp\/v2\/posts\/98818\/revisions"}],"wp:featuredmedia":[{"embeddable":true,"href":"https:\/\/www.europesays.com\/fi\/wp-json\/wp\/v2\/media\/98819"}],"wp:attachment":[{"href":"https:\/\/www.europesays.com\/fi\/wp-json\/wp\/v2\/media?parent=98818"}],"wp:term":[{"taxonomy":"category","embeddable":true,"href":"https:\/\/www.europesays.com\/fi\/wp-json\/wp\/v2\/categories?post=98818"},{"taxonomy":"post_tag","embeddable":true,"href":"https:\/\/www.europesays.com\/fi\/wp-json\/wp\/v2\/tags?post=98818"}],"curies":[{"name":"wp","href":"https:\/\/api.w.org\/{rel}","templated":true}]}}