{"id":98820,"date":"2025-11-24T14:50:12","date_gmt":"2025-11-24T14:50:12","guid":{"rendered":"https:\/\/www.europesays.com\/fi\/98820\/"},"modified":"2025-11-24T14:50:12","modified_gmt":"2025-11-24T14:50:12","slug":"akateeminen-kirjakauppa-vaihtaa-omistajaa-nyt-jyrahtaa-kirjailijaliiton-hytonen","status":"publish","type":"post","link":"https:\/\/www.europesays.com\/fi\/98820\/","title":{"rendered":"Akateeminen kirjakauppa vaihtaa omistajaa \u2013 nyt jyr\u00e4ht\u00e4\u00e4 Kirjailijaliiton Hyt\u00f6nen"},"content":{"rendered":"<p>Kirjailijaliitossa pidet\u00e4\u00e4n ongelmallisena jo vuosikymmeni\u00e4 jatkunutta kirjakauppojen keskittymist\u00e4.<\/p>\n<p class=\"article-body mb-nof-24 px-nof-16\">Pohjoismaiden suurin kirjakauppa Adlibris ilmoitti maanantaina ostavansa <a class=\"article-genericlink\" href=\"https:\/\/www.is.fi\/taloussanomat\/art-2000011646397.html\" rel=\"nofollow noopener\" target=\"_blank\">Akateemisen kirjakaupan<\/a>.<\/p>\n<p class=\"article-body mb-nof-24 px-nof-16\">Suomeen nimitet\u00e4\u00e4n maajohtaja, joka vastaa koko Suomen liiketoiminnasta. Nykyinen organisaatio s\u00e4ilyy yhti\u00f6n mukaan muuten ennallaan. Omistajanvaihdos astuu voimaan vuoden 2026 alussa.<\/p>\n<p class=\"article-body mb-nof-24 px-nof-16\">Kirjailijaliiton puheenjohtajan <a class=\"article-personlink\" href=\"https:\/\/www.is.fi\/haku\/?query=Ville%20Hyt%C3%B6sen\" rel=\"nofollow noopener\" target=\"_blank\">Ville Hyt\u00f6sen<\/a> mukaan muutos ei n\u00e4y v\u00e4ltt\u00e4m\u00e4tt\u00e4 ainakaan valtavasti, koska kyse on Bonnier-konsernin sis\u00e4isest\u00e4 muutoksesta.<\/p>\n<p class=\"article-body mb-nof-24 px-nof-16\">\u2013 Akateemisen kirjakaupan julkikuva on k\u00e4rsinyt vuosien aikana, joten muutos lienee esteettinen, Hyt\u00f6nen sanoo.<\/p>\n<p class=\"article-body mb-nof-24 px-nof-16\">H\u00e4n pit\u00e4\u00e4 Akateemisen kirjakaupan suurimpana ongelmana sen nimekem\u00e4\u00e4r\u00e4n pienentymist\u00e4 ja keskittymist\u00e4 tiettyihin teoksiin.<\/p>\n<p class=\"article-body mb-nof-24 px-nof-16\">\u2013 Entinen Akateemisen johtaja <a class=\"article-personlink\" href=\"https:\/\/www.is.fi\/haku\/?query=Stig-Bj%C3%B6rn%20Nyberg\" rel=\"nofollow noopener\" target=\"_blank\">Stig-Bj\u00f6rn Nyberg<\/a> totesi jo kymmenisen vuotta sitten, ett\u00e4 aikoinaan Akateemisessa oli 140\u202f000 eri nimikett\u00e4 ja m\u00e4\u00e4r\u00e4 oli romahtanut noin 20\u202f000:een, Hyt\u00f6nen sanoo.<\/p>\n<p class=\"article-body mb-nof-24 px-nof-16\">\u2013 M\u00e4\u00e4r\u00e4 voi nyky\u00e4\u00e4n olla sit\u00e4kin pienempi.<\/p>\n<p class=\"article-body mb-nof-24 px-nof-16\">Ent\u00e4 millaisia vaikutuksia Akateemisen kirjakaupan omistajavaihdos voi tuoda kotimaisille kustantajille ja kirjailijoille?<\/p>\n<p class=\"article-body mb-nof-24 px-nof-16\">\u2013 Kun suuri nettikirjakauppa poistaa markkinoilta toisen sis\u00e4\u00e4nostajan, sen muskelit hintaneuvotteluissa kasvavat. Voi olla, ett\u00e4 t\u00e4ll\u00e4 on jotain vaikutusta. Varmaankin kauppa liittyy suuremmin Bonnierin ja Otava-konsernin v\u00e4liseen kilpailuun Suomen kirjamarkkinoista, Hyt\u00f6nen uskoo.<\/p>\n<p class=\"article-body mb-nof-24 px-nof-16\">Ongelmallisena Hyt\u00f6nen pit\u00e4\u00e4 jo vuosikymmeni\u00e4 jatkunutta kirjakauppojen keskittymist\u00e4 \u2013 ja toisaalta niiden m\u00e4\u00e4r\u00e4n v\u00e4hentymist\u00e4. Hyt\u00f6nen uskoo, ett\u00e4 kirjakauppojen ja kustantajien moninaisuus palvelee suomalaista kirjallisuutta ja kirjailijaa parhaiten.<\/p>\n<p class=\"article-body mb-nof-24 px-nof-16\">\u2013 Riippumattomien kirjakauppojen tilanne on vaikea suhteessa kahteen suureen ketjuun, Hyt\u00f6nen sanoo.<\/p>\n<p><img decoding=\"async\" src=\"https:\/\/www.europesays.com\/fi\/wp-content\/uploads\/2025\/11\/1763995812_16_468.jpg\" alt=\"Pohjoismaiden suurin kirjakauppa Adlibris ilmoitti maanantaina ostavansa Akateemisen kirjakaupan.\" class=\"_Img_1rerz_1\" style=\"aspect-ratio:1.4645308924485125\" loading=\"eager\"\/><\/p>\n<p class=\"article-picture-caption\">Pohjoismaiden suurin kirjakauppa Adlibris ilmoitti maanantaina ostavansa Akateemisen kirjakaupan. Kuva:\u00a0Markku Ulander<\/p>\n<p class=\"article-body mb-nof-24 px-nof-16\">Positiivisena pilkahduksena Hyt\u00f6nen n\u00e4kee Rosebud-kirjakauppaketjun kasvavan valikoiman, jonka h\u00e4n uskoo tekev\u00e4n hyv\u00e4\u00e4 kirjalliselle kent\u00e4lle.<\/p>\n<p class=\"article-body mb-nof-24 px-nof-16\">\u2013 Kirjailijaliitto palkitsi juuri Rosebud-kirjakauppaketjun omistajan <a class=\"article-personlink\" href=\"https:\/\/www.is.fi\/haku\/?query=Hannu%20Paloviidan\" rel=\"nofollow noopener\" target=\"_blank\">Hannu Paloviidan<\/a> Kirjailija kiitt\u00e4\u00e4 -palkinnolta yleishumaanista toiminnasta kirjallisuuden eteen.<\/p>\n<p class=\"article-body mb-nof-24 px-nof-16\">Kirjakauppa-alalle tervehdytt\u00e4v\u00e4 vaikutus voisi tulla Hyt\u00f6sen mukaan hintas\u00e4\u00e4telyn avulla. Se auttaa pieni\u00e4 kirjakauppoja p\u00e4rj\u00e4\u00e4m\u00e4\u00e4n suuria ketjuja, erityisesti supermarkettimyynti\u00e4 vastaan.<\/p>\n<p class=\"article-body mb-nof-24 px-nof-16\">\u2013 Ranskassa esimerkiksi suojellaan kirjakauppaa ja kulttuurista moninaisuutta niin sanotulla Langin lailla, joka m\u00e4\u00e4r\u00e4\u00e4 uutuuskirjoille vakiohinnan tietyksi ajaksi. Saksassa on samantyyppinen j\u00e4rjestelm\u00e4, Hyt\u00f6nen sanoo.<\/p>\n<p class=\"article-body mb-nof-24 px-nof-16\">\u2013 Vakiohintaj\u00e4rjestelm\u00e4 perustuu ajatukseen, ett\u00e4 kirja on kulttuurituote, ei vain tavara.<\/p>\n<p class=\"article-body mb-nof-24 px-nof-16\">Hyt\u00f6sen mukaan kirjailijoiden toiveena on, ett\u00e4 kirjakaupoissa olisi jatkossa keski\u00f6ss\u00e4 kirjat.<\/p>\n<p class=\"article-body mb-nof-24 px-nof-16\">\u2013 Kirjailijat tietysti toivovat, ett\u00e4 Adlibris tekee kirjakaupoista pikemminkin kirjavetoisia lukijan paratiiseja kuin yleisi\u00e4 tavarakauppoja, kuten olemme n\u00e4hneet Suomalaisen kirjakaupan kehityksess\u00e4, Hyt\u00f6nen summaa.<\/p>\n<p class=\"article-body mb-nof-24 px-nof-16\">Alalla tapahtuneet muutokset ovat her\u00e4tt\u00e4neet keskustelua sen j\u00e4lkeen, kun Spotify lanseerasi marraskuussa <a class=\"article-genericlink\" href=\"https:\/\/www.is.fi\/digitoday\/art-2000011632558.html\" rel=\"nofollow noopener\" target=\"_blank\">\u00e4\u00e4nikirjapalvelun Suomessa<\/a>. Kirjailijoiden keskuudessa tilanne on aiheuttanut h\u00e4mmennyst\u00e4, sill\u00e4 monille tieto asiasta tuli yll\u00e4tyksen\u00e4.<\/p>\n<p class=\"article-body mb-nof-24 px-nof-16\">Esimerkiksi Finlandia-voittaja <a class=\"article-personlink\" href=\"https:\/\/www.is.fi\/haku\/?query=Pajtim%20Statovci\" rel=\"nofollow noopener\" target=\"_blank\">Pajtim Statovci<\/a> kutsui Otavan kirjailijoilleen l\u00e4hett\u00e4m\u00e4\u00e4 s\u00e4hk\u00f6postia tyrmistytt\u00e4v\u00e4ksi. Kustantamo perusteli Statovcin mukaan kirjojen julkaisemista Spotifyssa kirjailijoiden edulla.<\/p>\n<p class=\"article-body mb-nof-24 px-nof-16\">\u2013 Asia on valmisteltu ja p\u00e4\u00e4tetty kirjailijoiden sel\u00e4n takana samalla, kun kirjailijat ovat julkisesti puhuneet tekij\u00e4noikeustulojensa romahtamisesta sek\u00e4 ilmaisseet syv\u00e4n huolensa kirjallisuuden nykytilasta, Statovci sanoi Instagram-profiilinsa tarinoissa.<\/p>\n","protected":false},"excerpt":{"rendered":"Kirjailijaliitossa pidet\u00e4\u00e4n ongelmallisena jo vuosikymmeni\u00e4 jatkunutta kirjakauppojen keskittymist\u00e4. Pohjoismaiden suurin kirjakauppa Adlibris ilmoitti maanantaina ostavansa Akateemisen kirjakaupan. Suomeen&hellip;\n","protected":false},"author":2,"featured_media":98821,"comment_status":"","ping_status":"","sticky":false,"template":"","format":"standard","meta":{"footnotes":""},"categories":[76],"tags":[79,77,33,31,30,34,32,78],"class_list":{"0":"post-98820","1":"post","2":"type-post","3":"status-publish","4":"format-standard","5":"has-post-thumbnail","7":"category-talous","8":"tag-business","9":"tag-economy","10":"tag-fi","11":"tag-finland","12":"tag-finnish","13":"tag-ilta-sanomat","14":"tag-suomi","15":"tag-talous"},"share_on_mastodon":{"url":"https:\/\/pubeurope.com\/@fi\/115605237265707932","error":""},"_links":{"self":[{"href":"https:\/\/www.europesays.com\/fi\/wp-json\/wp\/v2\/posts\/98820","targetHints":{"allow":["GET"]}}],"collection":[{"href":"https:\/\/www.europesays.com\/fi\/wp-json\/wp\/v2\/posts"}],"about":[{"href":"https:\/\/www.europesays.com\/fi\/wp-json\/wp\/v2\/types\/post"}],"author":[{"embeddable":true,"href":"https:\/\/www.europesays.com\/fi\/wp-json\/wp\/v2\/users\/2"}],"replies":[{"embeddable":true,"href":"https:\/\/www.europesays.com\/fi\/wp-json\/wp\/v2\/comments?post=98820"}],"version-history":[{"count":0,"href":"https:\/\/www.europesays.com\/fi\/wp-json\/wp\/v2\/posts\/98820\/revisions"}],"wp:featuredmedia":[{"embeddable":true,"href":"https:\/\/www.europesays.com\/fi\/wp-json\/wp\/v2\/media\/98821"}],"wp:attachment":[{"href":"https:\/\/www.europesays.com\/fi\/wp-json\/wp\/v2\/media?parent=98820"}],"wp:term":[{"taxonomy":"category","embeddable":true,"href":"https:\/\/www.europesays.com\/fi\/wp-json\/wp\/v2\/categories?post=98820"},{"taxonomy":"post_tag","embeddable":true,"href":"https:\/\/www.europesays.com\/fi\/wp-json\/wp\/v2\/tags?post=98820"}],"curies":[{"name":"wp","href":"https:\/\/api.w.org\/{rel}","templated":true}]}}