{"id":98824,"date":"2025-11-24T14:52:13","date_gmt":"2025-11-24T14:52:13","guid":{"rendered":"https:\/\/www.europesays.com\/fi\/98824\/"},"modified":"2025-11-24T14:52:13","modified_gmt":"2025-11-24T14:52:13","slug":"suomen-saa-jakautuu-nyt-kahtia-pian-edessa-iso-kaanne","status":"publish","type":"post","link":"https:\/\/www.europesays.com\/fi\/98824\/","title":{"rendered":"Suomen s\u00e4\u00e4 jakautuu nyt kahtia \u2013 Pian edess\u00e4 iso k\u00e4\u00e4nne"},"content":{"rendered":"<p>Kun Etel\u00e4-Suomessa sataa vett\u00e4, Lapissa l\u00e4mp\u00f6tila voi kiristy\u00e4 jopa 30 pakkasasteeseen. <\/p>\n<p><img decoding=\"async\" class=\"image image-show image-preview\" src=\"https:\/\/www.europesays.com\/fi\/wp-content\/uploads\/2025\/11\/471fe22e231528ba8f1c097d8947e14bfc2e5951df47f7300dedf323d6332700.jpg\" alt=\"\"\/><img decoding=\"async\" class=\"image image-show\" src=\"https:\/\/www.europesays.com\/fi\/wp-content\/uploads\/2025\/11\/1763995931_702_471fe22e231528ba8f1c097d8947e14bfc2e5951df47f7300dedf323d6332700.jpg\" alt=\"\"\/><\/p>\n<p>Suomi jakautuu kahtia s\u00e4\u00e4n suhteen alkuviikosta.  paulus pitkala<\/p>\n<p class=\"paragraph\">Alkuviikolla Suomi jakautuu l\u00e4mp\u00f6tilojen osalta kahtia, kertoo <a href=\"https:\/\/www.ilmatieteenlaitos.fi\/tiedote\/3vLbGa2WNdpWNJ2MkLOQMQ\" target=\"_blank\" rel=\"noopener nofollow\">Ilmatieteen laitoksen tuore ennuste<\/a>.<\/p>\n<p class=\"paragraph\">Hurja pakkanen paukkuu Lapissa, kun l\u00e4mp\u00f6tila vaihtelee -20 ja -30 asteen v\u00e4lill\u00e4.<\/p>\n<p class=\"paragraph\">Sen sijaan taas muualla maassa on l\u00e4hes plussakelit. Nollaraja on kohonnut Pohjois-Pohjanmaan ja Kainuun korkeuksille. T\u00e4m\u00e4n my\u00f6t\u00e4 maan etel\u00e4- ja keskiosassa sateet ovat tulleet eri olomuotojen sekoituksena.<\/p>\n<p class=\"paragraph\">Sitten tulee taas muutos. Loppuviikolla s\u00e4\u00e4 lauhtuu koko maassa.<\/p>\n<p>Enonteki\u00f6ll\u00e4 mitattu -30,1 astetta<\/p>\n<p>Lapissa on alkuviikosta hyvin kylmiss\u00e4 tunnelmissa.  Pete Anikari<\/p>\n<p class=\"paragraph\">Lapissa on muuta maata selv\u00e4sti kylmemp\u00e4\u00e4. Lapissa alin l\u00e4mp\u00f6tila maanantaina on ollut Enonteki\u00f6ll\u00e4 mitattu -30,1 astetta. Iltaa kohti l\u00e4mp\u00f6tilat laskevat koko maassa, ja it\u00e4\u00e4n liikkuvat sateet ovat suurilta osin lumisia.<\/p>\n<p class=\"paragraph\">Ennusteen mukaan maanantaina esiintyvien sateiden j\u00e4lkeen on tiedossa muutama laajalti poutainen p\u00e4iv\u00e4 koko maassa.<\/p>\n<p class=\"paragraph\">Tiistaina ja keskiviikkona on luvassa pakkasta koko maahan. Sateet ovat j\u00e4\u00e4m\u00e4ss\u00e4 olemattomiksi. L\u00e4mp\u00f6tilan osalta maa pysyy silti yh\u00e4 kahtia jakautuneena.<\/p>\n<p class=\"paragraph\">\u2013 Maan etel\u00e4- ja keskiosassa, jossa pilvisyys on vaihtelevaa, ollaan nollan ja -5 asteen v\u00e4lill\u00e4, Oulun korkeudella noin -10 asteessa ja Lapissa -20:n ja -30 asteen v\u00e4lill\u00e4, sanoo Ilmatieteen laitoksen p\u00e4ivyst\u00e4v\u00e4 meteorologi <strong>Eetu Rimo<\/strong> tiedotteessa.<\/p>\n<p class=\"paragraph\">Keskiviikkona etel\u00e4ss\u00e4 l\u00e4mp\u00f6tilat eiv\u00e4t juuri nouse tiistaista. Lapissa sen sijaan pilvisyys lis\u00e4\u00e4ntyy, ja l\u00e4mp\u00f6tilat vaihtelevat -15 ja -20 asteen v\u00e4lill\u00e4.<\/p>\n<p>S\u00e4\u00e4 lauhtuu my\u00f6s Lapissa<\/p>\n<p>Loppuviikosta pakkanen lauhtuu jopa Lapissa asti.  Inka Soveri<\/p>\n<p class=\"paragraph\">Viikon puoliv\u00e4liss\u00e4 ilmavirtaus k\u00e4\u00e4ntyy lounaan puolelle. Ilmatieteen laitoksen ennusteen mukaan s\u00e4\u00e4 lauhtuu.<\/p>\n<p class=\"paragraph\">Selvin muutos tapahtuu Lapissa, jossa kire\u00e4t pakkaset ovat vaihtumassa pikkupakkasiin. Maan etel\u00e4- ja keskiosissa l\u00e4mp\u00f6tilat voivat nousta yli 5 asteen paikkeille, ja nollaraja voi kiivet\u00e4 jopa Etel\u00e4-Lappiin asti.<\/p>\n<p class=\"paragraph\">Lauhtumisen ohessa lounaasta l\u00e4hestyy my\u00f6s sateita, jotka ennusteen mukaan tulevat laajalti veten\u00e4. S\u00e4\u00e4 voi olla my\u00f6s tuulinen.<\/p>\n<p><a href=\"https:\/\/www.iltalehti.fi\/parassaa?storeCampaign=ArticleBottomBanner\" rel=\"nofollow noopener\" target=\"_blank\"><img decoding=\"async\" src=\"https:\/\/www.europesays.com\/fi\/wp-content\/uploads\/2025\/08\/d0fd7860228df4fdd5fd0367e49d769aa09b08189080ddc5ccdd8c31ad63aca9.png\" alt=\"IL Paras S\u00e4\u00e4 - S\u00e4\u00e4tiedot ja s\u00e4\u00e4ennusteet\"\/><\/a><\/p>\n","protected":false},"excerpt":{"rendered":"Kun Etel\u00e4-Suomessa sataa vett\u00e4, Lapissa l\u00e4mp\u00f6tila voi kiristy\u00e4 jopa 30 pakkasasteeseen. Suomi jakautuu kahtia s\u00e4\u00e4n suhteen alkuviikosta. paulus&hellip;\n","protected":false},"author":2,"featured_media":98825,"comment_status":"","ping_status":"","sticky":false,"template":"","format":"standard","meta":{"footnotes":""},"categories":[12],"tags":[35,22,23,26,27,33,31,30,17,713,4355,24,25,28,29,715,15,18,21,710,714,32,19,20,16],"class_list":{"0":"post-98824","1":"post","2":"type-post","3":"status-publish","4":"format-standard","5":"has-post-thumbnail","7":"category-suomi","8":"tag-24h","9":"tag-breaking-news","10":"tag-breakingnews","11":"tag-featured-news","12":"tag-featurednews","13":"tag-fi","14":"tag-finland","15":"tag-finnish","16":"tag-headlines","17":"tag-lampotila-saa","18":"tag-lapin-maakunta","19":"tag-latest-news","20":"tag-latestnews","21":"tag-main-news","22":"tag-mainnews","23":"tag-meteorologia","24":"tag-news","25":"tag-otsikot","26":"tag-paauutiset","27":"tag-saa","28":"tag-saaennustus","29":"tag-suomi","30":"tag-top-stories","31":"tag-topstories","32":"tag-uutiset"},"share_on_mastodon":{"url":"https:\/\/pubeurope.com\/@fi\/115605245060494207","error":""},"_links":{"self":[{"href":"https:\/\/www.europesays.com\/fi\/wp-json\/wp\/v2\/posts\/98824","targetHints":{"allow":["GET"]}}],"collection":[{"href":"https:\/\/www.europesays.com\/fi\/wp-json\/wp\/v2\/posts"}],"about":[{"href":"https:\/\/www.europesays.com\/fi\/wp-json\/wp\/v2\/types\/post"}],"author":[{"embeddable":true,"href":"https:\/\/www.europesays.com\/fi\/wp-json\/wp\/v2\/users\/2"}],"replies":[{"embeddable":true,"href":"https:\/\/www.europesays.com\/fi\/wp-json\/wp\/v2\/comments?post=98824"}],"version-history":[{"count":0,"href":"https:\/\/www.europesays.com\/fi\/wp-json\/wp\/v2\/posts\/98824\/revisions"}],"wp:featuredmedia":[{"embeddable":true,"href":"https:\/\/www.europesays.com\/fi\/wp-json\/wp\/v2\/media\/98825"}],"wp:attachment":[{"href":"https:\/\/www.europesays.com\/fi\/wp-json\/wp\/v2\/media?parent=98824"}],"wp:term":[{"taxonomy":"category","embeddable":true,"href":"https:\/\/www.europesays.com\/fi\/wp-json\/wp\/v2\/categories?post=98824"},{"taxonomy":"post_tag","embeddable":true,"href":"https:\/\/www.europesays.com\/fi\/wp-json\/wp\/v2\/tags?post=98824"}],"curies":[{"name":"wp","href":"https:\/\/api.w.org\/{rel}","templated":true}]}}