{"id":98834,"date":"2025-11-24T15:10:10","date_gmt":"2025-11-24T15:10:10","guid":{"rendered":"https:\/\/www.europesays.com\/fi\/98834\/"},"modified":"2025-11-24T15:10:10","modified_gmt":"2025-11-24T15:10:10","slug":"sisu-2-keraa-katsojia-yhdysvalloissa","status":"publish","type":"post","link":"https:\/\/www.europesays.com\/fi\/98834\/","title":{"rendered":"Sisu 2 ker\u00e4\u00e4 katsojia Yhdysvalloissa"},"content":{"rendered":"<p>Sisu 2 ker\u00e4\u00e4 katsojia Yhdysvalloissa | MTV Uutiset<a class=\"sr-only bg-component-bg-color focus:not-sr-only focus:absolute focus:left-0 focus:right-auto focus:top-0 focus:p-200\" href=\"#main\" data-sentry-component=\"SkipToContentLink\" data-sentry-source-file=\"SkipToContentLink.tsx\">Hypp\u00e4\u00e4 p\u00e4\u00e4sis\u00e4lt\u00f6\u00f6n<\/a>Sis\u00e4ll\u00f6t<\/p>\n<ul class=\"flex w-full flex-1 flex-wrap gap-800\">\n<li class=\"block flex-1 flex-nowrap xs:flex-initial\" data-testid=\"site-footer-section-item-component\" data-sentry-component=\"SiteFooterSectionItem\" data-sentry-source-file=\"SiteFooterSectionItem.tsx\">Tomi Einonen<br \/>Vastaava p\u00e4\u00e4toimittaja<\/li>\n<li class=\"block flex-1 flex-nowrap xs:flex-initial\" data-testid=\"site-footer-section-item-component\" data-sentry-component=\"SiteFooterSectionItem\" data-sentry-source-file=\"SiteFooterSectionItem.tsx\">Ilkka Ahtiainen<br \/>Uutisp\u00e4\u00e4toimittaja<\/li>\n<li class=\"block flex-1 flex-nowrap xs:flex-initial\" data-testid=\"site-footer-section-item-component\" data-sentry-component=\"SiteFooterSectionItem\" data-sentry-source-file=\"SiteFooterSectionItem.tsx\">Mona Haapsaari<br \/>Toimitusp\u00e4\u00e4llikk\u00f6<\/li>\n<li class=\"block flex-1 flex-nowrap xs:flex-initial\" data-testid=\"site-footer-section-item-component\" data-sentry-component=\"SiteFooterSectionItem\" data-sentry-source-file=\"SiteFooterSectionItem.tsx\">Teemu Niikko<br \/>Toimitusp\u00e4\u00e4llikk\u00f6, urheilu<\/li>\n<\/ul>\n<p>Liiketoiminta<\/p>\n<ul class=\"flex w-full flex-1 flex-wrap gap-800\">\n<li class=\"block flex-1 flex-nowrap xs:flex-initial\" data-testid=\"site-footer-section-item-component\" data-sentry-component=\"SiteFooterSectionItem\" data-sentry-source-file=\"SiteFooterSectionItem.tsx\">Iina Eloranta<br \/>VP, Channels and Digital Consumption<\/li>\n<\/ul>\n<p>SuomiAreena<\/p>\n<ul class=\"flex w-full flex-1 flex-wrap gap-800\">\n<li class=\"block flex-1 flex-nowrap xs:flex-initial\" data-testid=\"site-footer-section-item-component\" data-sentry-component=\"SiteFooterSectionItem\" data-sentry-source-file=\"SiteFooterSectionItem.tsx\">Jeremias Kontio<br \/>Vastaava tuottaja<\/li>\n<\/ul>\n<p><a class=\"flex flex-col items-center justify-center\" data-testid=\"Etusivu-navigation-bar-item\" role=\"link\" title=\"Etusivu linkki\" data-sentry-element=\"Link\" data-sentry-component=\"InternalLink\" data-sentry-source-file=\"InternalLink.tsx\" href=\"https:\/\/www.mtvuutiset.fi\/\" rel=\"nofollow noopener\" target=\"_blank\">Etusivu<\/a><a class=\"flex flex-col items-center justify-center\" data-testid=\"Videot-navigation-bar-item\" role=\"link\" title=\"Videot linkki\" data-sentry-element=\"Link\" data-sentry-component=\"InternalLink\" data-sentry-source-file=\"InternalLink.tsx\" href=\"https:\/\/www.mtvuutiset.fi\/videot\" rel=\"nofollow noopener\" target=\"_blank\">Videot<\/a><a class=\"flex flex-col items-center justify-center\" data-testid=\"Tuoreimmat-navigation-bar-item\" role=\"link\" title=\"Tuoreimmat linkki\" data-sentry-element=\"Link\" data-sentry-component=\"InternalLink\" data-sentry-source-file=\"InternalLink.tsx\" href=\"https:\/\/www.mtvuutiset.fi\/tuoreimmat\" rel=\"nofollow noopener\" target=\"_blank\">Tuoreimmat<\/a><a class=\"flex flex-col items-center justify-center\" data-testid=\"Luetuimmat-navigation-bar-item\" role=\"link\" title=\"Luetuimmat linkki\" data-sentry-element=\"Link\" data-sentry-component=\"InternalLink\" data-sentry-source-file=\"InternalLink.tsx\" href=\"https:\/\/www.mtvuutiset.fi\/luetuimmat\" rel=\"nofollow noopener\" target=\"_blank\">Luetuimmat<\/a>Odota<img alt=\"N\u00e4yttelij\u00e4 Stephen Lang (vasemmalla) ja ohjaaja Jalmari Helander Sisu 2:n kuvauksissa.\" data-testid=\"header-media-image\" class=\"h-full w-full object-cover transition duration-700 ease-in-out hover:scale-[1.05]\" fetchpriority=\"high\" loading=\"eager\" width=\"1024\" height=\"576\" decoding=\"async\" style=\"color:transparent;background-size:cover;background-position:50% 50%;background-repeat:no-repeat;background-image:url(&quot;data:image\/svg+xml;base64,Cjxzdmcgd2lkdGg9IjEwMjQiIGhlaWdodD0iNTc2IiB2ZXJzaW9uPSIxLjEiIHhtbG5zPSJodHRwOi8vd3d3LnczLm9yZy8yMDAwL3N2ZyIgeG1sbnM6eGxpbms9Imh0dHA6Ly93d3cudzMub3JnLzE5OTkveGxpbmsiPgogIDxkZWZzPgogICAgPGxpbmVhckdyYWRpZW50IGlkPSJnIj4KICAgICAgPHN0b3Agc3RvcC1jb2xvcj0iIzBCMTgyMyIgb2Zmc2V0PSIyMCUiIC8+CiAgICAgIDxzdG9wIHN0b3AtY29sb3I9IiMxQTI3MzIiIG9mZnNldD0iNTAlIiAvPgogICAgICA8c3RvcCBzdG9wLWNvbG9yPSIjMEIxODIzIiBvZmZzZXQ9IjcwJSIgLz4KICAgIDwvbGluZWFyR3JhZGllbnQ+CiAgPC9kZWZzPgogIDxyZWN0IHdpZHRoPSIxMDI0IiBoZWlnaHQ9IjU3NiIgZmlsbD0iIzBCMTgyMyIgLz4KICA8cmVjdCBpZD0iciIgd2lkdGg9IjEwMjQiIGhlaWdodD0iNTc2IiBmaWxsPSJ1cmwoI2cpIiAvPgogIDxhbmltYXRlIHhsaW5rOmhyZWY9IiNyIiBhdHRyaWJ1dGVOYW1lPSJ4IiBmcm9tPSItMTAyNCIgdG89IjEwMjQiIGR1cj0iMXMiIHJlcGVhdENvdW50PSJpbmRlZmluaXRlIiAgLz4KPC9zdmc+&quot;)\" src=\"https:\/\/www.europesays.com\/fi\/wp-content\/uploads\/2025\/11\/1763997008_194_image\"\/>N\u00e4yttelij\u00e4 Stephen Lang (vasemmalla) ja ohjaaja Jalmari Helander Sisu 2:n kuvauksissa.IMAGO\/Cinema Publishers Collection\/ All Over PressJulkaistu 53 minuuttia sitten<\/p>\n<p><strong class=\"typography-bold\">Suomalainen toimintaleffa on nyt pohjoismaisen elokuvahistorian laajimmin levitetty teos.<\/strong><\/p>\n<p>Sisu 2 tuli viikonlopuksi ensi-iltaan 28 maassa. Se nousi maailman suurimmilla elokuvamarkkinoilla Pohjois-Amerikassa viikonlopun kuudenneksi katsotuimmaksi elokuvaksi 2,3 miljoonan euron lipputuloilla, kertoo Hollywoodin viihdebisnest\u00e4 seuraava Deadline.<\/p>\n<p><strong class=\"typography-bold\">Jalmari Helanderin<\/strong> ohjaama ja kirjoittama ja <strong class=\"typography-bold\">Petri Jokirannan<\/strong> tuottama toimintaelokuva sai Yhdysvalloissa laajemman levityksen kuin yksik\u00e4\u00e4n pohjoismainen elokuva sit\u00e4 ennen. Sisu 2:ta esitettiin yli 2\u00a0200 valkokankaalla. Jakelija on Hollywood-studio Sony, joka osallistui my\u00f6s elokuvan rahoitukseen.<\/p>\n<p>\u2013\u2009Tulos oli aika lailla se, mit\u00e4 Sony ennusti, Jokiranta sanoo.<\/p>\n<p>\u2013\u2009Komeaa, ett\u00e4 suomalainen elokuva on Yhdysvaltojen top kympiss\u00e4, se on saavutus sin\u00e4ns\u00e4.<\/p>\n<p>Elokuvalle odotettiin Deadlinen ennusteessa v\u00e4hint\u00e4\u00e4n 2,6 miljoonan euron lipunmyynti\u00e4, joten tulos on pieni pettymys. Varsinaiset markkinat ovat kuitenkin suoratoistopuolella. Sen kertoi Deadlinen toimittaja <strong class=\"typography-bold\">Anthony D&#8217;Alessandro<\/strong> jo perjantaina.<\/p>\n<p>\u2013\u2009Elokuva on Sonylle mikrobudjetilla tehty hanke, jolle tavoitellaan menestyst\u00e4 j\u00e4lkijakelussa, D&#8217;Alessandro kirjoitti.<\/p>\n<p><strong class=\"typography-bold\">Lue my\u00f6s: <\/strong><a class=\"underline\" data-testid=\"internal-link\" role=\"link\" data-sentry-element=\"Link\" data-sentry-component=\"InternalLink\" data-sentry-source-file=\"InternalLink.tsx\" href=\"https:\/\/www.mtvuutiset.fi\/artikkeli\/sisu-2-ohjaaja-nain-suomalaisilla-tarinoilla-valloitetaan-maailma-boolssit-esiin-ei-nysvata\/9243796\" rel=\"nofollow noopener\" target=\"_blank\"><\/a><\/p>\n<p><strong class=\"typography-bold\">Sisu 2 -ohjaaja: N\u00e4in suomalaisilla tarinoilla valloitetaan maailma \u2013 &#8221;Boolssit esiin, ei nysv\u00e4t\u00e4&#8221;<\/strong><\/p>\n<p>Viikonlopun ylivoimainen ykk\u00f6selokuva oli ensi-iltaan tullut musikaalijatko-osa Wicked: For Good. Spektaakkeli sai odotetusti per\u00e4ti 80 prosenttia kaikista Pohjois-Amerikan viikonlopun katsojista ja ker\u00e4si 130 miljoonaa euroa.<\/p>\n<p>\u2013\u2009Wicked sy\u00f6 ilmatilaa muilta elokuvilta, Jokiranta toteaa.<\/p>\n<p>\u2013\u2009Toisaalta sen yleis\u00f6 on aivan eri.<\/p>\n<p><strong class=\"typography-bold\">Ykk\u00f6sosan kannoilla<\/strong><\/p>\n<p>Ensimm\u00e4inen Sisu oli kev\u00e4\u00e4ll\u00e4 2023 kolme viikkoa Yhdysvaltojen elokuvateatterien kymmenen katsotuimman elokuvan joukossa. Valkokankaita oli puolet v\u00e4hemm\u00e4n, mutta lipunmyynti\u00e4 kertyi avausviikonloppuna kolme miljoonaa euroa. Ykk\u00f6sen maailmanlaajuinen elokuvateatteriliikevaihto oli reilut 13 miljoonaa euroa, josta yli puolet tuli Yhdysvalloista ja Kanadasta.<\/p>\n<p>Sisu on menestynyt erinomaisesti kotijakelussa. Kun elokuva tuli syksyll\u00e4 2025 Yhdysvaltojen kolmanneksi suurimpaan maksulliseen suoratoistopalveluun Huluun, se sinnitteli laajassa valikoimassa kymmenen katsotuimman elokuvan joukossa melkein kaksi viikkoa. T\u00e4ll\u00e4 hetkell\u00e4 ykk\u00f6sosa on Yhdysvaltojen suosituimman ilmaisen eli mainosrahoitteisen elokuvasuoratoistopalvelun Tubin nelj\u00e4nneksi katsotuin elokuva.<\/p>\n<p>Marraskuussa, jatko-osan markkinoinnin siivell\u00e4 ensimm\u00e4inen Sisu k\u00e4v\u00e4isi muutaman p\u00e4iv\u00e4n ajan Ruotsin ja Norjan Netflixin ykk\u00f6selokuvana. Se on aiemmin ollut muun muassa Saksassa ja Britanniassa Netflixin katsotuin elokuva.<\/p>\n<p>Yhdysvaltojen valkokankailla on nyt toinenkin pohjoismainen elokuva, <strong class=\"typography-bold\">Joachim Trierin<\/strong> ohjaama Sentimental Value, joka py\u00f6rii noin 150 valkokankaalla. Cannesissa Grand Prix&#8217;n voittanut ja useiden Oscar-ehdokkuuksien saajaksi ennakoitu norjalaisdraama on ker\u00e4nnyt kolmessa viikossa 1,5 miljoonaa euroa.<\/p>\n<p><strong class=\"typography-bold\">Sesonki alkaa<\/strong><\/p>\n<p>Torstaina vietett\u00e4v\u00e4 kiitosp\u00e4iv\u00e4 on joulun rinnalla Yhdysvaltojen ja Kanadan t\u00e4rkein perhejuhla, ja elokuvissak\u00e4ynnit ovat huippulukemissa.<\/p>\n<p>\u2013\u2009Keskiviikosta sunnuntaihin on kiitosp\u00e4iv\u00e4n viikonloppu, johon nyt on hyv\u00e4t asetelmat. Silloin on paljon jengi\u00e4 liikenteess\u00e4, Jokiranta sanoo.<\/p>\n<p>Sisu 2:n kilpailijaksi ei ole tulossa ensi-iltaan muita vastaavan lajityypin elokuvia.<\/p>\n<p>Levitys oli laajaa muuallakin. Britanniassa elokuvaa esitettiin 276 valkokankaalla. Viikonlopun ensi-iltamaihin kuuluivat muiden muassa Intia, Saksa, Espanja ja Australia. Useimmissa maissa Sisu 2:n nimi on Sisu: Road to Revenge tai suora k\u00e4\u00e4nn\u00f6s siit\u00e4, siis Sisu: Koston tie.\u00a0<\/p>\n<p>Kriitikkovastaanotto Yhdysvalloissa oli k\u00e4yt\u00e4nn\u00f6ss\u00e4 yksimielisen positiivinen. Useissa arvioissa ihmetell\u00e4\u00e4n, miten 12 miljoonan euron budjetilla on pystytty moiseen.<\/p>\n<p>\u2013\u2009Verenroiskeisten \u00e4\u00e4li\u00f6m\u00e4isyyksien vy\u00f6ry muuttuu huuruiseksi popcorn-hurmokseksi, maalaili New York Timesin <strong class=\"typography-bold\">Brandon Yu<\/strong>.<\/p>\n<p>Los Angeles Timesin <strong class=\"typography-bold\">Amy Nicholson<\/strong> kutsui elokuvaa vuoden n\u00e4ytt\u00e4vimm\u00e4ksi toimintaseikkailuksi ja mainitsi presidentti <strong class=\"typography-bold\">Alexander Stubbin<\/strong> puhuneen juuri edellisviikolla sisusta.<\/p>\n<p>\u2013 T\u00e4m\u00e4 ykk\u00f6sluokan B-leffa ei voisi pyyt\u00e4\u00e4 parempaa br\u00e4nd\u00e4yst\u00e4, Nicholson kirjoitti.<\/p>\n<p>Katso video: Suomi-herkku veti Hollywood-t\u00e4hden sanattomaksi: &#8221;Olen aika varma, ett\u00e4 sain tarpeekseni&#8221;<\/p>\n<p>9:48<img alt=\"Sisu-pahiksen kantti testiss\u00e4 \u2013 maistuvatko suomalaisherkut Hollywood-t\u00e4hdelle?\" data-testid=\"web-player-broker-image\" data-sentry-element=\"Image\" data-sentry-source-file=\"NextImage.tsx\" fetchpriority=\"low\" loading=\"lazy\" decoding=\"async\" data-nimg=\"fill\" class=\"transition duration-700 ease-in-out hover:scale-[1.05]\" style=\"position:absolute;height:100%;width:100%;left:0;top:0;right:0;bottom:0;color:transparent;background-size:cover;background-position:50% 50%;background-repeat:no-repeat;background-image:url(&quot;data:image\/svg+xml;base64,Cjxzdmcgd2lkdGg9IjcyMCIgaGVpZ2h0PSI0MDUiIHZlcnNpb249IjEuMSIgeG1sbnM9Imh0dHA6Ly93d3cudzMub3JnLzIwMDAvc3ZnIiB4bWxuczp4bGluaz0iaHR0cDovL3d3dy53My5vcmcvMTk5OS94bGluayI+CiAgPGRlZnM+CiAgICA8bGluZWFyR3JhZGllbnQgaWQ9ImciPgogICAgICA8c3RvcCBzdG9wLWNvbG9yPSIjMEIxODIzIiBvZmZzZXQ9IjIwJSIgLz4KICAgICAgPHN0b3Agc3RvcC1jb2xvcj0iIzFBMjczMiIgb2Zmc2V0PSI1MCUiIC8+CiAgICAgIDxzdG9wIHN0b3AtY29sb3I9IiMwQjE4MjMiIG9mZnNldD0iNzAlIiAvPgogICAgPC9saW5lYXJHcmFkaWVudD4KICA8L2RlZnM+CiAgPHJlY3Qgd2lkdGg9IjcyMCIgaGVpZ2h0PSI0MDUiIGZpbGw9IiMwQjE4MjMiIC8+CiAgPHJlY3QgaWQ9InIiIHdpZHRoPSI3MjAiIGhlaWdodD0iNDA1IiBmaWxsPSJ1cmwoI2cpIiAvPgogIDxhbmltYXRlIHhsaW5rOmhyZWY9IiNyIiBhdHRyaWJ1dGVOYW1lPSJ4IiBmcm9tPSItNzIwIiB0bz0iNzIwIiBkdXI9IjFzIiByZXBlYXRDb3VudD0iaW5kZWZpbml0ZSIgIC8+Cjwvc3ZnPg==&quot;)\"   src=\"https:\/\/www.europesays.com\/fi\/wp-content\/uploads\/2025\/11\/1763997010_794_imageproxy.a2d.tv\"\/>Sisu 2 -elokuvassa pahista n\u00e4yttelev\u00e4 Stephen Lang p\u00e4\u00e4si maistamaan Huomenta Suomessa karjalanpiirakoita, salmiakkia ja vihreit\u00e4 kuulia.<\/p>\n","protected":false},"excerpt":{"rendered":"Sisu 2 ker\u00e4\u00e4 katsojia Yhdysvalloissa | MTV UutisetHypp\u00e4\u00e4 p\u00e4\u00e4sis\u00e4lt\u00f6\u00f6nSis\u00e4ll\u00f6t Tomi EinonenVastaava p\u00e4\u00e4toimittaja Ilkka AhtiainenUutisp\u00e4\u00e4toimittaja Mona HaapsaariToimitusp\u00e4\u00e4llikk\u00f6 Teemu NiikkoToimitusp\u00e4\u00e4llikk\u00f6,&hellip;\n","protected":false},"author":2,"featured_media":98835,"comment_status":"","ping_status":"","sticky":false,"template":"","format":"standard","meta":{"footnotes":""},"categories":[131],"tags":[155,137,33,173,31,30,172,32,109],"class_list":{"0":"post-98834","1":"post","2":"type-post","3":"status-publish","4":"format-standard","5":"has-post-thumbnail","7":"category-elokuvat","8":"tag-elokuvat","9":"tag-entertainment","10":"tag-fi","11":"tag-film","12":"tag-finland","13":"tag-finnish","14":"tag-movies","15":"tag-suomi","16":"tag-viihde"},"share_on_mastodon":{"url":"https:\/\/pubeurope.com\/@fi\/115605315662923514","error":""},"_links":{"self":[{"href":"https:\/\/www.europesays.com\/fi\/wp-json\/wp\/v2\/posts\/98834","targetHints":{"allow":["GET"]}}],"collection":[{"href":"https:\/\/www.europesays.com\/fi\/wp-json\/wp\/v2\/posts"}],"about":[{"href":"https:\/\/www.europesays.com\/fi\/wp-json\/wp\/v2\/types\/post"}],"author":[{"embeddable":true,"href":"https:\/\/www.europesays.com\/fi\/wp-json\/wp\/v2\/users\/2"}],"replies":[{"embeddable":true,"href":"https:\/\/www.europesays.com\/fi\/wp-json\/wp\/v2\/comments?post=98834"}],"version-history":[{"count":0,"href":"https:\/\/www.europesays.com\/fi\/wp-json\/wp\/v2\/posts\/98834\/revisions"}],"wp:featuredmedia":[{"embeddable":true,"href":"https:\/\/www.europesays.com\/fi\/wp-json\/wp\/v2\/media\/98835"}],"wp:attachment":[{"href":"https:\/\/www.europesays.com\/fi\/wp-json\/wp\/v2\/media?parent=98834"}],"wp:term":[{"taxonomy":"category","embeddable":true,"href":"https:\/\/www.europesays.com\/fi\/wp-json\/wp\/v2\/categories?post=98834"},{"taxonomy":"post_tag","embeddable":true,"href":"https:\/\/www.europesays.com\/fi\/wp-json\/wp\/v2\/tags?post=98834"}],"curies":[{"name":"wp","href":"https:\/\/api.w.org\/{rel}","templated":true}]}}