{"id":98836,"date":"2025-11-24T15:12:15","date_gmt":"2025-11-24T15:12:15","guid":{"rendered":"https:\/\/www.europesays.com\/fi\/98836\/"},"modified":"2025-11-24T15:12:15","modified_gmt":"2025-11-24T15:12:15","slug":"louna-kasvio-19-avautui-uimahallin-torkeyksista-allistyi-seurauksista","status":"publish","type":"post","link":"https:\/\/www.europesays.com\/fi\/98836\/","title":{"rendered":"Louna Kasvio, 19, avautui uimahallin t\u00f6rkeyksist\u00e4 \u2013 \u00c4llistyi seurauksista"},"content":{"rendered":"<p>Louna Kasvion seuraajam\u00e4\u00e4r\u00e4kin kasvoi ulostulon my\u00f6t\u00e4.<\/p>\n<p><img decoding=\"async\" class=\"image image-show image-preview\" src=\"https:\/\/www.europesays.com\/fi\/wp-content\/uploads\/2025\/11\/75aa656af5abc7b4de72a372749453adaf1c30e1efabc541a47142421df37cd8.jpg\" alt=\"\"\/><img decoding=\"async\" class=\"image image-show\" src=\"https:\/\/www.europesays.com\/fi\/wp-content\/uploads\/2025\/11\/1763997135_709_75aa656af5abc7b4de72a372749453adaf1c30e1efabc541a47142421df37cd8.jpg\" alt=\"\"\/><\/p>\n<p>Louna Kasvio toivoi treenirauhaa kaikille. JANI KORPELA<\/p>\n<p class=\"paragraph\">Toisen polven huippu-uimari <strong>Louna Kasvio<\/strong>, 19, avasi keskustelun noin viikko sitten Helsingin Sanomissa ja omalla Instagram-tilill\u00e4\u00e4n.<\/p>\n<p class=\"paragraph\">Kasvio kertoi kohdanneensa t\u00f6rke\u00e4\u00e4 k\u00e4yt\u00f6st\u00e4 uimahallissa, l\u00e4hes yksinomaan miehilt\u00e4. Kasvion mukaan h\u00e4neen on k\u00e4yty k\u00e4siksi altaassa jo 12-vuotiaasta l\u00e4htien. H\u00e4n ep\u00e4ilee, ett\u00e4 osalle miehist\u00e4 on liikaa se, kun nainen osoittautuu nopeammaksi.<\/p>\n<p class=\"paragraph\">Sunnuntaina Kasvio kirjoitti asiasta uudestaan Instagramissa.<\/p>\n<p class=\"paragraph\">\u2013\u2009En osannut aavistaa, kuinka ison Pandoran lippaan se tulee avaamaan. T\u00e4m\u00e4 avautumiseni kokemastani huonosta k\u00e4yt\u00f6ksest\u00e4 uimahallissa on her\u00e4tt\u00e4nyt tosi paljon keskustelua.<\/p>\n<p class=\"paragraph\">Muun muassa Kasvion seuraajam\u00e4\u00e4r\u00e4 on kasvanut aiheen vuoksi.<\/p>\n<p class=\"paragraph\">\u2013\u2009Olen saanut tosi paljon viestej\u00e4 muilta samanlaisista kokemuksista, ja vaikka on toisaalta kiva kuulla, etten ole t\u00e4ss\u00e4 tilanteessa yksin, niin toisaalta on kamalaa, ett\u00e4 huono k\u00e4yt\u00f6s uimahalleissa on niin yleist\u00e4, Kasvio jatkoi.<\/p>\n<p class=\"paragraph\">\u2013\u2009Toivottavasti t\u00e4m\u00e4n viikon keskustelujen pohjalta joku tuntee piston syd\u00e4mess\u00e4\u00e4n, ja ensi kerralla kun tekee mieli uimahallissa alkaa raivoamaan, niin j\u00e4tt\u00e4\u00e4 sen tekem\u00e4tt\u00e4.<\/p>\n<p class=\"paragraph\">Samalla Kasvio toivoi, ett\u00e4 kaikille annetaan rauha treenata ja olla.<\/p>\n<p class=\"paragraph\">Samasta asiasta avautui my\u00f6s helsinkil\u00e4inen <strong>Valtteri Leino<\/strong> <a href=\"https:\/\/www.hs.fi\/mielipide\/art-2000011641579.html\" target=\"_blank\" rel=\"noopener nofollow\">Helsingin Sanomissa julkaistussa mielipidekirjoituksessaan<\/a>. Leino kirjoittaa kohdanneensa uimahallissa sek\u00e4 fyysist\u00e4 ett\u00e4 henkist\u00e4 kaltoinkohtelua.<\/p>\n<p>Tuli yll\u00e4tyksen\u00e4<\/p>\n<p>Louna Kasvio on kisannut menestyksekk\u00e4\u00e4sti my\u00f6s avovesiuinnissa. AOP<\/p>\n<p class=\"paragraph\">Kasvio kertoi kohdanneensa huonoa k\u00e4yt\u00f6st\u00e4 Espoonlahden uimahallissa.<\/p>\n<p class=\"paragraph\">Espoon kaupungin kentt\u00e4p\u00e4\u00e4llikk\u00f6 <strong>Kimmo Laitiselle<\/strong> uimarin kertomat asiat tulivat kuitenkin t\u00e4ysin puskista.<\/p>\n<p class=\"paragraph\">\u2013 Lehdest\u00e4 mekin sen luimme. Meid\u00e4n henkil\u00f6kuntamme oli samana p\u00e4iv\u00e4n\u00e4 h\u00e4nen is\u00e4ns\u00e4 Antin kanssa jutellut, eik\u00e4 h\u00e4n ainakaan silloin meille mit\u00e4\u00e4n t\u00e4st\u00e4 maininnut, Laitinen sanoi Iltalehdelle viime torstaina.<\/p>\n<p class=\"paragraph\">Laitinen sanoi, ett\u00e4 puhuttaneen tapauksen tiimoilta on luvassa palaveri ty\u00f6ntekij\u00f6iden kanssa hallin toimintatavoista, vaikka h\u00e4nell\u00e4 ei olekaan syyt\u00e4 ep\u00e4ill\u00e4, ett\u00e4 valvonta olisi jollain tavalla pett\u00e4nyt.<\/p>\n<p class=\"paragraph\">\u2013 Kyll\u00e4 me k\u00e4ymme uinninvalvonnan kanssa t\u00e4st\u00e4 keskustelun. Muistutamme siit\u00e4 ohjeistuksesta, ett\u00e4 jos jotain havaitsee, niin heid\u00e4n pit\u00e4isi automaattisesti menn\u00e4 kysym\u00e4\u00e4n, tarvitsetteko apua ja onko kaikki hyvin. Sit\u00e4 kautta l\u00e4hte\u00e4 sitten ratkaisemaan tilannetta.<\/p>\n<p>Kasvio on toisen polven huippu-uimari. JANI KORPELA<\/p>\n","protected":false},"excerpt":{"rendered":"Louna Kasvion seuraajam\u00e4\u00e4r\u00e4kin kasvoi ulostulon my\u00f6t\u00e4. Louna Kasvio toivoi treenirauhaa kaikille. JANI KORPELA Toisen polven huippu-uimari Louna Kasvio,&hellip;\n","protected":false},"author":2,"featured_media":98837,"comment_status":"","ping_status":"","sticky":false,"template":"","format":"standard","meta":{"footnotes":""},"categories":[158],"tags":[35,33,31,30,2111,41,637,886,2232,159,32,160],"class_list":{"0":"post-98836","1":"post","2":"type-post","3":"status-publish","4":"format-standard","5":"has-post-thumbnail","7":"category-urheilu","8":"tag-24h","9":"tag-fi","10":"tag-finland","11":"tag-finnish","12":"tag-kuntourheilu","13":"tag-liikunta-ja-urheilu","14":"tag-politiikka","15":"tag-puolueet","16":"tag-ruumiillinen-kunto","17":"tag-sports","18":"tag-suomi","19":"tag-urheilu"},"share_on_mastodon":{"url":"https:\/\/pubeurope.com\/@fi\/115605323596099446","error":""},"_links":{"self":[{"href":"https:\/\/www.europesays.com\/fi\/wp-json\/wp\/v2\/posts\/98836","targetHints":{"allow":["GET"]}}],"collection":[{"href":"https:\/\/www.europesays.com\/fi\/wp-json\/wp\/v2\/posts"}],"about":[{"href":"https:\/\/www.europesays.com\/fi\/wp-json\/wp\/v2\/types\/post"}],"author":[{"embeddable":true,"href":"https:\/\/www.europesays.com\/fi\/wp-json\/wp\/v2\/users\/2"}],"replies":[{"embeddable":true,"href":"https:\/\/www.europesays.com\/fi\/wp-json\/wp\/v2\/comments?post=98836"}],"version-history":[{"count":0,"href":"https:\/\/www.europesays.com\/fi\/wp-json\/wp\/v2\/posts\/98836\/revisions"}],"wp:featuredmedia":[{"embeddable":true,"href":"https:\/\/www.europesays.com\/fi\/wp-json\/wp\/v2\/media\/98837"}],"wp:attachment":[{"href":"https:\/\/www.europesays.com\/fi\/wp-json\/wp\/v2\/media?parent=98836"}],"wp:term":[{"taxonomy":"category","embeddable":true,"href":"https:\/\/www.europesays.com\/fi\/wp-json\/wp\/v2\/categories?post=98836"},{"taxonomy":"post_tag","embeddable":true,"href":"https:\/\/www.europesays.com\/fi\/wp-json\/wp\/v2\/tags?post=98836"}],"curies":[{"name":"wp","href":"https:\/\/api.w.org\/{rel}","templated":true}]}}