{"id":98838,"date":"2025-11-24T15:13:16","date_gmt":"2025-11-24T15:13:16","guid":{"rendered":"https:\/\/www.europesays.com\/fi\/98838\/"},"modified":"2025-11-24T15:13:16","modified_gmt":"2025-11-24T15:13:16","slug":"uusi-joulunajan-ilmaistapahtuma-aukeaa-helsingin-keskustassa-paikalliset","status":"publish","type":"post","link":"https:\/\/www.europesays.com\/fi\/98838\/","title":{"rendered":"Uusi joulunajan ilmaistapahtuma aukeaa Helsingin keskustassa | Paikalliset"},"content":{"rendered":"<p>Parikymment\u00e4 taiteilijaa toteuttaa installaationsa Torikortteleissa Senaatintorin vieress\u00e4.<\/p>\n<p>Nuorten taiteilijoiden nykytaidetta tulee esille n\u00e4yteikkunoihin, parvekkeille ja sis\u00e4pihoille.<\/p>\n<p>Esill\u00e4 on videotaidetta, veistoksia, osallistavaa taidetta ja v\u00e4rikk\u00e4it\u00e4, valoa hy\u00f6dynt\u00e4vi\u00e4 graafisia kuvituksia, tapahtuman j\u00e4rjest\u00e4v\u00e4 Helsingin Kaupunkitilat Oy kertoo tiedotteessaan.<\/p>\n<p><strong class=\"diks-storyline__impact\">Ulkoilmagallerian<\/strong> teoksiin voi tutustua maksutta vuorokauden ymp\u00e4ri.<\/p>\n<p>Teokset ovat esill\u00e4 28.11. \u2013 7.1.<\/p>\n<p>Torikorttelit ovat Aleksanterinkadun ja Pohjoisesplanadin v\u00e4liin j\u00e4\u00e4v\u00e4t korttelit Senaatintorin vieress\u00e4.<\/p>\n<p>\t\t<a class=\"diks-gallery__link\" href=\"https:\/\/i.media.fi\/incoming\/4pegqn\/11165925.jpg\/alternates\/FREE_1440\/11165925.jpg\" data-thumbnail=\"\" data-sub-html=\"Toivo Heinim\u00e4ki\" aria-label=\"Katso isompi kuva\" rel=\"nofollow noopener\" target=\"_blank\"><br \/>\n\t\t\t\t<img class=\"diks-figure__image\" src=\"https:\/\/www.europesays.com\/fi\/wp-content\/uploads\/2025\/11\/11165925.jpg\" loading=\"lazy\" decoding=\"sync\" alt=\"\"\/><\/p>\n<p>\t\t\t<\/a><br \/>\n\t\t\t\t\tToivo Heinim\u00e4ki<\/p>\n<p><strong class=\"diks-storyline__impact\">Senaatintorin<\/strong> Tuomaan markkinat avautuvat samana p\u00e4iv\u00e4n\u00e4, 28. marraskuuta.<\/p>\n<p><strong class=\"diks-storyline__impact\">\u2013 Tavoitteena <\/strong>on houkutella sek\u00e4 paikallisia ett\u00e4 matkailijoita kokemaan korkeatasoista taidetta uudessa muodossa talvisessa Helsingiss\u00e4. Ja tietysti nostaa esiin upeita nuoria taiteilijoita, kertoo n\u00e4yttelyn kuraattori <strong>Miro-Benjamin Lindstr\u00f6m <\/strong>tiedotteessa.<\/p>\n<p><strong class=\"diks-storyline__impact\">Taideteokset <\/strong>l\u00f6ytyv\u00e4t seuraamalla teoskarttaan merkitty\u00e4 reitti\u00e4. Karttoja l\u00f6ytyy sek\u00e4 paikan p\u00e4\u00e4lt\u00e4 ett\u00e4 verkkosivuilta.<\/p>\n","protected":false},"excerpt":{"rendered":"Parikymment\u00e4 taiteilijaa toteuttaa installaationsa Torikortteleissa Senaatintorin vieress\u00e4. Nuorten taiteilijoiden nykytaidetta tulee esille n\u00e4yteikkunoihin, parvekkeille ja sis\u00e4pihoille. Esill\u00e4 on&hellip;\n","protected":false},"author":2,"featured_media":98839,"comment_status":"","ping_status":"","sticky":false,"template":"","format":"standard","meta":{"footnotes":""},"categories":[130],"tags":[2110,137,33,31,30,104,5856,3674,32,485,398,109],"class_list":{"0":"post-98838","1":"post","2":"type-post","3":"status-publish","4":"format-standard","5":"has-post-thumbnail","7":"category-viihde","8":"tag-elamantapa-ja-vapaa-aika","9":"tag-entertainment","10":"tag-fi","11":"tag-finland","12":"tag-finnish","13":"tag-helsinki","14":"tag-joulu","15":"tag-juhla-ja-vapaapaivat","16":"tag-suomi","17":"tag-taide-yleista","18":"tag-taiteilija","19":"tag-viihde"},"share_on_mastodon":{"url":"https:\/\/pubeurope.com\/@fi\/115605327365186311","error":""},"_links":{"self":[{"href":"https:\/\/www.europesays.com\/fi\/wp-json\/wp\/v2\/posts\/98838","targetHints":{"allow":["GET"]}}],"collection":[{"href":"https:\/\/www.europesays.com\/fi\/wp-json\/wp\/v2\/posts"}],"about":[{"href":"https:\/\/www.europesays.com\/fi\/wp-json\/wp\/v2\/types\/post"}],"author":[{"embeddable":true,"href":"https:\/\/www.europesays.com\/fi\/wp-json\/wp\/v2\/users\/2"}],"replies":[{"embeddable":true,"href":"https:\/\/www.europesays.com\/fi\/wp-json\/wp\/v2\/comments?post=98838"}],"version-history":[{"count":0,"href":"https:\/\/www.europesays.com\/fi\/wp-json\/wp\/v2\/posts\/98838\/revisions"}],"wp:featuredmedia":[{"embeddable":true,"href":"https:\/\/www.europesays.com\/fi\/wp-json\/wp\/v2\/media\/98839"}],"wp:attachment":[{"href":"https:\/\/www.europesays.com\/fi\/wp-json\/wp\/v2\/media?parent=98838"}],"wp:term":[{"taxonomy":"category","embeddable":true,"href":"https:\/\/www.europesays.com\/fi\/wp-json\/wp\/v2\/categories?post=98838"},{"taxonomy":"post_tag","embeddable":true,"href":"https:\/\/www.europesays.com\/fi\/wp-json\/wp\/v2\/tags?post=98838"}],"curies":[{"name":"wp","href":"https:\/\/api.w.org\/{rel}","templated":true}]}}