{"id":98842,"date":"2025-11-24T15:17:11","date_gmt":"2025-11-24T15:17:11","guid":{"rendered":"https:\/\/www.europesays.com\/fi\/98842\/"},"modified":"2025-11-24T15:17:11","modified_gmt":"2025-11-24T15:17:11","slug":"suomalaisten-suosima-kahvilaji-arabica-on-nyt-kallistunut-enemman-kuin-robusta","status":"publish","type":"post","link":"https:\/\/www.europesays.com\/fi\/98842\/","title":{"rendered":"Suomalaisten suosima kahvilaji arabica on nyt kallistunut enemm\u00e4n kuin robusta"},"content":{"rendered":"<p>Raha|Suomalainen kelpuuttaa kuppiinsa vain arabiankahvia. \u201dKansa olisi kadulla\u201d, jos Suomessa toimittaisiin kuin muissa maissa, vitsailee Pauligin kahvihankinnasta vastaava.<\/p>\n<p class=\"article-body mb-nof-24 px-nof-16\">Suomalaisten suosima kahvilaji on t\u00e4n\u00e4 vuonna kalliimpaa kuin koskaan. Edellinen kutakuinkin vastaava hintapiikki koettiin 1970-luvulla, mutta sekin kalpenee nykyisille hinnoille.<\/p>\n<p class=\"article-body mb-nof-24 px-nof-16\">Maailmanmarkkinoilla k\u00e4yd\u00e4\u00e4n futuurikauppaa kahdella eri raakakahvilla: arabicalla ja robustalla. Yleens\u00e4 robustan hinta seurailee arabicaa, ja pitkin vuotta niiden hinnat ovatkin heittelehtineet k\u00e4si k\u00e4dess\u00e4.<\/p>\n","protected":false},"excerpt":{"rendered":"Raha|Suomalainen kelpuuttaa kuppiinsa vain arabiankahvia. \u201dKansa olisi kadulla\u201d, jos Suomessa toimittaisiin kuin muissa maissa, vitsailee Pauligin kahvihankinnasta vastaava.&hellip;\n","protected":false},"author":2,"featured_media":98843,"comment_status":"","ping_status":"","sticky":false,"template":"","format":"standard","meta":{"footnotes":""},"categories":[14],"tags":[22,23,26,27,33,31,30,17,46,24,25,28,29,15,18,21,32,19,20,56,16,59,60,61],"class_list":{"0":"post-98842","1":"post","2":"type-post","3":"status-publish","4":"format-standard","5":"has-post-thumbnail","7":"category-ulkomaat","8":"tag-breaking-news","9":"tag-breakingnews","10":"tag-featured-news","11":"tag-featurednews","12":"tag-fi","13":"tag-finland","14":"tag-finnish","15":"tag-headlines","16":"tag-helsingin-sanomat","17":"tag-latest-news","18":"tag-latestnews","19":"tag-main-news","20":"tag-mainnews","21":"tag-news","22":"tag-otsikot","23":"tag-paauutiset","24":"tag-suomi","25":"tag-top-stories","26":"tag-topstories","27":"tag-ulkomaat","28":"tag-uutiset","29":"tag-world","30":"tag-world-news","31":"tag-worldnews"},"share_on_mastodon":{"url":"https:\/\/pubeurope.com\/@fi\/115605343073681346","error":""},"_links":{"self":[{"href":"https:\/\/www.europesays.com\/fi\/wp-json\/wp\/v2\/posts\/98842","targetHints":{"allow":["GET"]}}],"collection":[{"href":"https:\/\/www.europesays.com\/fi\/wp-json\/wp\/v2\/posts"}],"about":[{"href":"https:\/\/www.europesays.com\/fi\/wp-json\/wp\/v2\/types\/post"}],"author":[{"embeddable":true,"href":"https:\/\/www.europesays.com\/fi\/wp-json\/wp\/v2\/users\/2"}],"replies":[{"embeddable":true,"href":"https:\/\/www.europesays.com\/fi\/wp-json\/wp\/v2\/comments?post=98842"}],"version-history":[{"count":0,"href":"https:\/\/www.europesays.com\/fi\/wp-json\/wp\/v2\/posts\/98842\/revisions"}],"wp:featuredmedia":[{"embeddable":true,"href":"https:\/\/www.europesays.com\/fi\/wp-json\/wp\/v2\/media\/98843"}],"wp:attachment":[{"href":"https:\/\/www.europesays.com\/fi\/wp-json\/wp\/v2\/media?parent=98842"}],"wp:term":[{"taxonomy":"category","embeddable":true,"href":"https:\/\/www.europesays.com\/fi\/wp-json\/wp\/v2\/categories?post=98842"},{"taxonomy":"post_tag","embeddable":true,"href":"https:\/\/www.europesays.com\/fi\/wp-json\/wp\/v2\/tags?post=98842"}],"curies":[{"name":"wp","href":"https:\/\/api.w.org\/{rel}","templated":true}]}}