{"id":98856,"date":"2025-11-24T15:39:10","date_gmt":"2025-11-24T15:39:10","guid":{"rendered":"https:\/\/www.europesays.com\/fi\/98856\/"},"modified":"2025-11-24T15:39:10","modified_gmt":"2025-11-24T15:39:10","slug":"jimmy-cliff-on-kuollut-demokraatti-fi","status":"publish","type":"post","link":"https:\/\/www.europesays.com\/fi\/98856\/","title":{"rendered":"Jimmy Cliff on kuollut | Demokraatti.fi"},"content":{"rendered":"<p>Jamaikalainen reggae-musiikin legenda<strong> Jimmy Cliff <\/strong>on kuollut. Cliffin vaimo kertoi asiasta maanantaina sosiaalisessa mediassa.<\/p>\n<p>Cliff oli kuollessaan 81-vuotias. Brittilehti Guardian kertoi, ett\u00e4 vaimon mukaan Cliff kuoli keuhkokuumeeseen.<\/p>\n<p>Cliff on yksi tunnetuimpia reggaeartisteja muun muassa <strong>Bob Marleyn, Peter Toshin<\/strong> ja <strong>Gregory Isaacsin<\/strong> ohella.<\/p>\n<p>Tunnettuja Cliffin tulkitsemia kappaleita ovat muun muassa Many Rivers to Cross sek\u00e4 Wonderful World, Beautiful People. H\u00e4n levytti musiikkia 1960-luvun lopulta aina 2020-luvulle asti. H\u00e4nen viimeinen albuminsa Refugees julkaistiin vuonna 2022.<\/p>\n<p>Cliff valittiin Rock and Roll Hall of Fame -museoon eli musiikin kunniagalleriaan vuonna 2010. H\u00e4n my\u00f6s n\u00e4ytteli useissa elokuvissa.<\/p>\n","protected":false},"excerpt":{"rendered":"Jamaikalainen reggae-musiikin legenda Jimmy Cliff on kuollut. Cliffin vaimo kertoi asiasta maanantaina sosiaalisessa mediassa. Cliff oli kuollessaan 81-vuotias.&hellip;\n","protected":false},"author":2,"featured_media":98857,"comment_status":"","ping_status":"","sticky":false,"template":"","format":"standard","meta":{"footnotes":""},"categories":[130],"tags":[137,33,31,30,32,109],"class_list":{"0":"post-98856","1":"post","2":"type-post","3":"status-publish","4":"format-standard","5":"has-post-thumbnail","7":"category-viihde","8":"tag-entertainment","9":"tag-fi","10":"tag-finland","11":"tag-finnish","12":"tag-suomi","13":"tag-viihde"},"share_on_mastodon":{"url":"https:\/\/pubeurope.com\/@fi\/115605429502087900","error":""},"_links":{"self":[{"href":"https:\/\/www.europesays.com\/fi\/wp-json\/wp\/v2\/posts\/98856","targetHints":{"allow":["GET"]}}],"collection":[{"href":"https:\/\/www.europesays.com\/fi\/wp-json\/wp\/v2\/posts"}],"about":[{"href":"https:\/\/www.europesays.com\/fi\/wp-json\/wp\/v2\/types\/post"}],"author":[{"embeddable":true,"href":"https:\/\/www.europesays.com\/fi\/wp-json\/wp\/v2\/users\/2"}],"replies":[{"embeddable":true,"href":"https:\/\/www.europesays.com\/fi\/wp-json\/wp\/v2\/comments?post=98856"}],"version-history":[{"count":0,"href":"https:\/\/www.europesays.com\/fi\/wp-json\/wp\/v2\/posts\/98856\/revisions"}],"wp:featuredmedia":[{"embeddable":true,"href":"https:\/\/www.europesays.com\/fi\/wp-json\/wp\/v2\/media\/98857"}],"wp:attachment":[{"href":"https:\/\/www.europesays.com\/fi\/wp-json\/wp\/v2\/media?parent=98856"}],"wp:term":[{"taxonomy":"category","embeddable":true,"href":"https:\/\/www.europesays.com\/fi\/wp-json\/wp\/v2\/categories?post=98856"},{"taxonomy":"post_tag","embeddable":true,"href":"https:\/\/www.europesays.com\/fi\/wp-json\/wp\/v2\/tags?post=98856"}],"curies":[{"name":"wp","href":"https:\/\/api.w.org\/{rel}","templated":true}]}}