{"id":98858,"date":"2025-11-24T15:42:13","date_gmt":"2025-11-24T15:42:13","guid":{"rendered":"https:\/\/www.europesays.com\/fi\/98858\/"},"modified":"2025-11-24T15:42:13","modified_gmt":"2025-11-24T15:42:13","slug":"raholan-koulun-perusparannuksen-suunnittelu-etenee-tampereen-kaupunki","status":"publish","type":"post","link":"https:\/\/www.europesays.com\/fi\/98858\/","title":{"rendered":"Raholan koulun perusparannuksen suunnittelu etenee\u00a0 [Tampereen kaupunki"},"content":{"rendered":"<p>Raholan koulutalo on valmistunut vuonna 1956 ja sit\u00e4 on laajennettu ja peruskorjattu vuonna 1998. Koulussa on oppilaita t\u00e4ll\u00e4 hetkell\u00e4 noin 360 ja siell\u00e4 j\u00e4rjestet\u00e4\u00e4n esiopetusta, perusopetusta vuosiluokille 1\u20136 sek\u00e4 erityisopetusta vuosiluokille 1\u20139.<\/p>\n<p>Rakennust\u00f6iden on suunniteltu alkavan helmikuussa 2028 ja niiden on m\u00e4\u00e4r\u00e4 valmistua lokakuussa 2029, n\u00e4in opetus tiloissa alkaisi tammikuussa 2030. Perusparannuksen ajaksi k\u00e4ytt\u00f6\u00f6n tulee kaksi siirtokelpoista v\u00e4ist\u00f6tilaa, jotka sijoitetaan Hyhkyn koulun viereiselle kent\u00e4lle Hennerinkadulle. T\u00e4ll\u00e4 hetkell\u00e4 Raholan koulun tontilla oleva siirtokelpoinen rakennus poistetaan jo ennen perusparannusta ja esiopetuksen toiminta siirtyy perusopetuksen tilojen yhteyteen.<\/p>\n<p>Perusparannuksen j\u00e4lkeen koulun laskennallinen kapasiteetti kasvaa 495 oppilaaseen, lis\u00e4yst\u00e4 nykyiseen on 40 oppilaan verran. \u00a0Tilasuunnittelussa huomioidaan my\u00f6s iltak\u00e4ytt\u00f6 alueen asukkaille.<\/p>\n<p>Hankkeen kustannusarvio on noin 20,5 miljoonaa euroa. Perusparannuksen yhteydess\u00e4 parannetaan my\u00f6s piha-alueiden ja huoltoliikenteen toimivuutta sek\u00e4 toteutetaan rakennukseen energiatehokkaita ratkaisuja. P\u00e4\u00e4t\u00f6ksess\u00e4\u00e4n kaupunginhallitus edellytt\u00e4\u00e4, ett\u00e4 kustannuksia pyrit\u00e4\u00e4n pienent\u00e4m\u00e4\u00e4n jatkosuunnittelussa.\u00a0<\/p>\n<p>Raholan koulutalon nykyinen kunto edellytt\u00e4\u00e4 perusparannusta. Tarveselvityksess\u00e4 on arvioitu hankkeen vaikutuksia lasten terveyteen, turvallisuuteen ja arjen sujuvuuteen. Perusparannus tukee koulun s\u00e4ilymist\u00e4 alueen l\u00e4hikouluna ja mahdollistaa monipuolisen tilojen k\u00e4yt\u00f6n.<\/p>\n","protected":false},"excerpt":{"rendered":"Raholan koulutalo on valmistunut vuonna 1956 ja sit\u00e4 on laajennettu ja peruskorjattu vuonna 1998. Koulussa on oppilaita t\u00e4ll\u00e4&hellip;\n","protected":false},"author":2,"featured_media":98859,"comment_status":"","ping_status":"","sticky":false,"template":"","format":"standard","meta":{"footnotes":""},"categories":[76],"tags":[79,77,33,31,30,32,78],"class_list":{"0":"post-98858","1":"post","2":"type-post","3":"status-publish","4":"format-standard","5":"has-post-thumbnail","7":"category-talous","8":"tag-business","9":"tag-economy","10":"tag-fi","11":"tag-finland","12":"tag-finnish","13":"tag-suomi","14":"tag-talous"},"share_on_mastodon":{"url":"https:\/\/pubeurope.com\/@fi\/115605441437402302","error":""},"_links":{"self":[{"href":"https:\/\/www.europesays.com\/fi\/wp-json\/wp\/v2\/posts\/98858","targetHints":{"allow":["GET"]}}],"collection":[{"href":"https:\/\/www.europesays.com\/fi\/wp-json\/wp\/v2\/posts"}],"about":[{"href":"https:\/\/www.europesays.com\/fi\/wp-json\/wp\/v2\/types\/post"}],"author":[{"embeddable":true,"href":"https:\/\/www.europesays.com\/fi\/wp-json\/wp\/v2\/users\/2"}],"replies":[{"embeddable":true,"href":"https:\/\/www.europesays.com\/fi\/wp-json\/wp\/v2\/comments?post=98858"}],"version-history":[{"count":0,"href":"https:\/\/www.europesays.com\/fi\/wp-json\/wp\/v2\/posts\/98858\/revisions"}],"wp:featuredmedia":[{"embeddable":true,"href":"https:\/\/www.europesays.com\/fi\/wp-json\/wp\/v2\/media\/98859"}],"wp:attachment":[{"href":"https:\/\/www.europesays.com\/fi\/wp-json\/wp\/v2\/media?parent=98858"}],"wp:term":[{"taxonomy":"category","embeddable":true,"href":"https:\/\/www.europesays.com\/fi\/wp-json\/wp\/v2\/categories?post=98858"},{"taxonomy":"post_tag","embeddable":true,"href":"https:\/\/www.europesays.com\/fi\/wp-json\/wp\/v2\/tags?post=98858"}],"curies":[{"name":"wp","href":"https:\/\/api.w.org\/{rel}","templated":true}]}}