{"id":98860,"date":"2025-11-24T15:43:14","date_gmt":"2025-11-24T15:43:14","guid":{"rendered":"https:\/\/www.europesays.com\/fi\/98860\/"},"modified":"2025-11-24T15:43:14","modified_gmt":"2025-11-24T15:43:14","slug":"anna-18-kuoli-karibian-risteilylla-tyttaren-kohtalo-paljastui-aidille-googlesta-fbi-selvittaa","status":"publish","type":"post","link":"https:\/\/www.europesays.com\/fi\/98860\/","title":{"rendered":"Anna, 18, kuoli Karibian-risteilyll\u00e4 \u2013 Tytt\u00e4ren kohtalo paljastui \u00e4idille Googlesta, FBI selvitt\u00e4\u00e4"},"content":{"rendered":"<p>Yhdysvalloissa FBI tutkii Karibian-risteilyll\u00e4 sattunutta kuolemantapausta. Mediatietojen mukaan Anna Kepner kuristettiin kuoliaaksi.<\/p>\n<p><img decoding=\"async\" class=\"image image-show image-preview\" src=\"https:\/\/www.europesays.com\/fi\/wp-content\/uploads\/2025\/11\/0db6ddfb91ef547b16b32844f63704f061f495abf6e2d372d9fd5f769ff4b2de.jpg\" alt=\"\"\/><img decoding=\"async\" class=\"image image-show\" src=\"https:\/\/www.europesays.com\/fi\/wp-content\/uploads\/2025\/11\/1763998994_40_0db6ddfb91ef547b16b32844f63704f061f495abf6e2d372d9fd5f769ff4b2de.jpg\" alt=\"\"\/><\/p>\n<p>Kepner l\u00f6ydettiin kuolleena Carnival Horizon -alukselta. Tutkinta aluksella aloitettiin 8. marraskuuta. EPA \/ AOP<\/p>\n<p class=\"paragraph\">Floridalainen <strong>Anna Kepner<\/strong>, 18, l\u00f6ydettiin kuolleena Carnival Horizon -risteilyalukselta marraskuun alussa. Mediatietojen mukaan FBI tutkii, onko Kepnerin 16-vuotiaalla velipuolella jotain tekemist\u00e4 kuoleman kanssa.<\/p>\n<p class=\"paragraph\">Kepner oli l\u00e4htenyt risteilylle yhdess\u00e4 is\u00e4ns\u00e4, \u00e4itipuolensa ja sisarpuoltensa kanssa. <a href=\"https:\/\/www.dailymail.co.uk\/news\/article-15299853\/cheerleader-anna-kepner-carnival-cruise-body-fbi-miami.html?login&amp;signinStatus=authenticated&amp;signinMethod=password&amp;dataCaptured=false&amp;flowVariant=standard_signin_nosubscribe&amp;param_code=83qalz88pcxrhxy3isgg&amp;param_state=eyJyZW1lbWJlck1lIjp0cnVlLCJyZWdTb3VyY2UiOiJwYXl3YWxsIiwicmFuZG9tU3RhdGUiOiIyYjNlNzAwYi1kZWIxLTQzOTctYThhNi1jODA0OGM5NWY2YTgifQ%3D%3D&amp;param_info=%7B%22signinStatus%22%3A%22authenticated%22%2C%22signinMethod%22%3A%22password%22%2C%22dataCaptured%22%3Afalse%2C%22flowVariant%22%3A%22standard_signin_nosubscribe%22%7D&amp;param__host=www.dailymail.co.uk&amp;param_geolocation=row&amp;base_fe_url=https%3A%2F%2Fwww.dailymail.co.uk%2F&amp;validation_fe_uri=%2Fregistration%2Fp%2Fapi%2Ffield%2Fvalidation%2F&amp;check_user_fe_uri=registration%2Fp%2Fapi%2Fuser%2Fuser_check%2F&amp;isMobile=false\" target=\"_blank\" rel=\"noopener nofollow\">Daily Mailille<\/a> puhuneet l\u00e4hteet kertoivat, ett\u00e4 Kepner oli tullut illallisen aikana huonovointiseksi ja mennyt hyttiin lep\u00e4\u00e4m\u00e4\u00e4n.<\/p>\n<p class=\"paragraph\">Seuraavana aamuna Kepner ei ilmaantunut aamiaiselle, joten huolestunut perhe aloitti etsinn\u00e4t. Aamup\u00e4iv\u00e4ll\u00e4 laivasiivooja l\u00f6ysi Kepnerin kuolleena s\u00e4ngyn alta peittoon k\u00e4\u00e4rittyn\u00e4. Kepnerin ruumis oli peitetty pelastusliivill\u00e4.<\/p>\n<p class=\"paragraph\">Kepnerin biologinen \u00e4iti <strong>Heather Wright<\/strong> kertoi <a href=\"https:\/\/www.newsnationnow.com\/crime\/florida-cruise-teen-death-mother-stepbrother-suspect\/\" target=\"_blank\" rel=\"noopener nofollow\">Newsnation-uutiskanavalle<\/a>, ett\u00e4 oli saanut tiedon tytt\u00e4rens\u00e4 kuolemasta Googlesta.<\/p>\n<p class=\"paragraph\">\u2013 Selvitin sen Googlesta. P\u00e4\u00e4dyin googlaamaan sen, koska ainoa tietoni oli, ett\u00e4 tytt\u00e4reni oli risteilyll\u00e4, Wright sanoi.<\/p>\n<p class=\"paragraph\">Wright oli n\u00e4hnyt tytt\u00e4rens\u00e4 viimeksi muutama vuosi sitten.<\/p>\n<p>Velipuoli ep\u00e4iltyn\u00e4<\/p>\n<p class=\"paragraph\">FBI:n tutkijat selvitt\u00e4v\u00e4t, oliko Kepnerin kuolemaa edelt\u00e4nyt jonkinlainen riita t\u00e4m\u00e4n velipuolen kanssa, kertoo l\u00e4hde <a href=\"https:\/\/abcnews.go.com\/US\/step-sibling-cheerleader-found-dead-carnival-cruise-face\/story?id=127647783\" target=\"_blank\" rel=\"noopener nofollow\">ABC Newsille<\/a>. My\u00f6s sairaskohtauksen tai yliannostuksen mahdollisuutta selvitet\u00e4\u00e4n.<\/p>\n<p class=\"paragraph\">Toisen oikeustapauksen asiakirjassa todettiin, ett\u00e4 Kepnerin sisarpuolta vastaan saatetaan nostaa rikossyyte. Muistion mukaan Kepnerin \u00e4itipuoli pyysi huoltajuuskuulemisen lykk\u00e4\u00e4mist\u00e4, sill\u00e4 yht\u00e4 h\u00e4nen lapsistaan saatetaan ep\u00e4ill\u00e4 rikoksesta.<\/p>\n<p class=\"paragraph\">FBI ei ole vahvistanut velipuoleen kohdistuvia rikosep\u00e4ilyj\u00e4. L\u00e4hteen mukaan Kepner oli kuristettu kuoliaaksi. Alustavien tietojen mukaan Kepnerin ruumiissa ei ollut merkkej\u00e4 seksuaalisesta v\u00e4kivallasta, eik\u00e4 h\u00e4n ollut kuolemansa aikaan p\u00e4ihtynyt.<\/p>\n","protected":false},"excerpt":{"rendered":"Yhdysvalloissa FBI tutkii Karibian-risteilyll\u00e4 sattunutta kuolemantapausta. Mediatietojen mukaan Anna Kepner kuristettiin kuoliaaksi. Kepner l\u00f6ydettiin kuolleena Carnival Horizon -alukselta.&hellip;\n","protected":false},"author":2,"featured_media":98861,"comment_status":"","ping_status":"","sticky":false,"template":"","format":"standard","meta":{"footnotes":""},"categories":[14],"tags":[35,22,23,26,27,33,31,30,17,101,99,100,24,25,28,29,15,18,21,98,103,32,19,20,56,16,59,60,61],"class_list":{"0":"post-98860","1":"post","2":"type-post","3":"status-publish","4":"format-standard","5":"has-post-thumbnail","7":"category-ulkomaat","8":"tag-24h","9":"tag-breaking-news","10":"tag-breakingnews","11":"tag-featured-news","12":"tag-featurednews","13":"tag-fi","14":"tag-finland","15":"tag-finnish","16":"tag-headlines","17":"tag-ihmissuhteet","18":"tag-lapset","19":"tag-lapset-ja-nuoret","20":"tag-latest-news","21":"tag-latestnews","22":"tag-main-news","23":"tag-mainnews","24":"tag-news","25":"tag-otsikot","26":"tag-paauutiset","27":"tag-perhe","28":"tag-sosiaalikysymykset","29":"tag-suomi","30":"tag-top-stories","31":"tag-topstories","32":"tag-ulkomaat","33":"tag-uutiset","34":"tag-world","35":"tag-world-news","36":"tag-worldnews"},"share_on_mastodon":{"url":"https:\/\/pubeurope.com\/@fi\/115605445734245382","error":""},"_links":{"self":[{"href":"https:\/\/www.europesays.com\/fi\/wp-json\/wp\/v2\/posts\/98860","targetHints":{"allow":["GET"]}}],"collection":[{"href":"https:\/\/www.europesays.com\/fi\/wp-json\/wp\/v2\/posts"}],"about":[{"href":"https:\/\/www.europesays.com\/fi\/wp-json\/wp\/v2\/types\/post"}],"author":[{"embeddable":true,"href":"https:\/\/www.europesays.com\/fi\/wp-json\/wp\/v2\/users\/2"}],"replies":[{"embeddable":true,"href":"https:\/\/www.europesays.com\/fi\/wp-json\/wp\/v2\/comments?post=98860"}],"version-history":[{"count":0,"href":"https:\/\/www.europesays.com\/fi\/wp-json\/wp\/v2\/posts\/98860\/revisions"}],"wp:featuredmedia":[{"embeddable":true,"href":"https:\/\/www.europesays.com\/fi\/wp-json\/wp\/v2\/media\/98861"}],"wp:attachment":[{"href":"https:\/\/www.europesays.com\/fi\/wp-json\/wp\/v2\/media?parent=98860"}],"wp:term":[{"taxonomy":"category","embeddable":true,"href":"https:\/\/www.europesays.com\/fi\/wp-json\/wp\/v2\/categories?post=98860"},{"taxonomy":"post_tag","embeddable":true,"href":"https:\/\/www.europesays.com\/fi\/wp-json\/wp\/v2\/tags?post=98860"}],"curies":[{"name":"wp","href":"https:\/\/api.w.org\/{rel}","templated":true}]}}