{"id":98862,"date":"2025-11-24T15:44:09","date_gmt":"2025-11-24T15:44:09","guid":{"rendered":"https:\/\/www.europesays.com\/fi\/98862\/"},"modified":"2025-11-24T15:44:09","modified_gmt":"2025-11-24T15:44:09","slug":"dragsvikin-onnettomuudesta-tuomitut-valittavat-hovioikeuteen-uusimaa","status":"publish","type":"post","link":"https:\/\/www.europesays.com\/fi\/98862\/","title":{"rendered":"Dragsvikin onnettomuudesta tuomitut valittavat hovioikeuteen | Uusimaa"},"content":{"rendered":"<p class=\"aw-1gybjub aw-5vja16 kEtdKx kmuxyA yle__article__paragraph\">K\u00e4r\u00e4j\u00e4oikeuden mukaan onnettomuus, jossa varusnainen oli kuolla, olisi ollut v\u00e4ltett\u00e4viss\u00e4.<\/p>\n<p><img decoding=\"async\" alt=\"Dragsvikenin ranta.\" src=\"https:\/\/www.europesays.com\/fi\/wp-content\/uploads\/2025\/11\/39-11886726531239f183dd.jpeg\" class=\"aw-1l9m598 hKVVvP\"\/><\/p>\n<p>Avaa kuvien katselu<\/p>\n<p>Barettimarssilla sattui onnettomuus, jossa nuori varusnainen oli kuolla mereen. Kuva: Olycksutredningscentralen Otkes<\/p>\n<p class=\"aw-1gybjub aw-1p7kakr kEtdKx cEmitX yle__article__paragraph\">Kapteeniluutnantti ja kersantti ovat valittaneet hovioikeuteen tuomioistaan, jotka koskevat Raaseporin Dragsvikin <a class=\"aw-iao6s4 iHOxEa yle__article__link\" href=\"https:\/\/yle.fi\/a\/74-20088972\" role=\"link\" rel=\"nofollow noopener\" target=\"_blank\">onnettomuutta<\/a> lokakuussa vuonna 2023.<\/p>\n<p class=\"aw-1gybjub aw-1p7kakr kEtdKx cEmitX yle__article__paragraph\">Marssilla kaksi vuotta sitten loukkaantui varusnainen ja kahdeksan muuta joutui vakavaan vaaratilanteeseen.<\/p>\n<p class=\"aw-1gybjub aw-1p7kakr kEtdKx cEmitX yle__article__paragraph\">K\u00e4r\u00e4j\u00e4oikeuden mukaan tilanne olisi v\u00e4ltetty, jos varom\u00e4\u00e4r\u00e4yst\u00e4 olisi noudatettu.<\/p>\n<p class=\"aw-1gybjub aw-1p7kakr kEtdKx cEmitX yle__article__paragraph\">L\u00e4nsi-Uudenmaan k\u00e4r\u00e4j\u00e4oikeus tuomitsi Uudenmaan prikaatin harjoituksen johdossa olleen kapteeniluutnantin 30 p\u00e4iv\u00e4n ehdolliseen vankeusrangaistukseen palvelusrikoksesta, t\u00f6rke\u00e4st\u00e4 vammantuottamuksesta ja vaaran aiheuttamisesta t\u00e4ll\u00e4 ns. barettimarssilla.<\/p>\n<p class=\"aw-1gybjub aw-1p7kakr kEtdKx cEmitX yle__article__paragraph\">Samaan aikaan kersanttina palvellut tuomittiin 70 p\u00e4iv\u00e4sakkoon tuottamuksellisesta palvelusrikoksesta, vammantuottamuksesta ja vaaran aiheuttamisesta. Kersantti toimi veneenkuljettajana.<\/p>\n<p class=\"aw-1gybjub aw-1p7kakr kEtdKx cEmitX yle__article__paragraph\">Vakavimmin loukkaantui tuolloin 19-vuotias varusnainen, joka vajosi tajuttomana meren pohjaan noin kymmeneksi minuutiksi. H\u00e4nen syd\u00e4mens\u00e4 pys\u00e4htyi, mutta h\u00e4net onnistuttiin elvytt\u00e4m\u00e4\u00e4n ja nostamaan vedest\u00e4. Varusnainen joutui onnettomuuden j\u00e4lkeen yli kahden viikon sairaalahoitoon, k\u00e4rsi hypotermiasta ja vakavista vammoista.<\/p>\n","protected":false},"excerpt":{"rendered":"K\u00e4r\u00e4j\u00e4oikeuden mukaan onnettomuus, jossa varusnainen oli kuolla, olisi ollut v\u00e4ltett\u00e4viss\u00e4. Avaa kuvien katselu Barettimarssilla sattui onnettomuus, jossa nuori&hellip;\n","protected":false},"author":2,"featured_media":98863,"comment_status":"","ping_status":"","sticky":false,"template":"","format":"standard","meta":{"footnotes":""},"categories":[12],"tags":[22,23,19120,26,27,33,31,30,17,71,24,25,28,29,15,2098,18,21,449,11270,32,19,20,1168,16,9226],"class_list":{"0":"post-98862","1":"post","2":"type-post","3":"status-publish","4":"format-standard","5":"has-post-thumbnail","7":"category-suomi","8":"tag-breaking-news","9":"tag-breakingnews","10":"tag-dragsvik","11":"tag-featured-news","12":"tag-featurednews","13":"tag-fi","14":"tag-finland","15":"tag-finnish","16":"tag-headlines","17":"tag-kotimaa","18":"tag-latest-news","19":"tag-latestnews","20":"tag-main-news","21":"tag-mainnews","22":"tag-news","23":"tag-oikeudenkaynnit","24":"tag-otsikot","25":"tag-paauutiset","26":"tag-pohjanmaa","27":"tag-raasepori","28":"tag-suomi","29":"tag-top-stories","30":"tag-topstories","31":"tag-uusimaa","32":"tag-uutiset","33":"tag-varusmiehet"},"share_on_mastodon":{"url":"https:\/\/pubeurope.com\/@fi\/115605449417270772","error":""},"_links":{"self":[{"href":"https:\/\/www.europesays.com\/fi\/wp-json\/wp\/v2\/posts\/98862","targetHints":{"allow":["GET"]}}],"collection":[{"href":"https:\/\/www.europesays.com\/fi\/wp-json\/wp\/v2\/posts"}],"about":[{"href":"https:\/\/www.europesays.com\/fi\/wp-json\/wp\/v2\/types\/post"}],"author":[{"embeddable":true,"href":"https:\/\/www.europesays.com\/fi\/wp-json\/wp\/v2\/users\/2"}],"replies":[{"embeddable":true,"href":"https:\/\/www.europesays.com\/fi\/wp-json\/wp\/v2\/comments?post=98862"}],"version-history":[{"count":0,"href":"https:\/\/www.europesays.com\/fi\/wp-json\/wp\/v2\/posts\/98862\/revisions"}],"wp:featuredmedia":[{"embeddable":true,"href":"https:\/\/www.europesays.com\/fi\/wp-json\/wp\/v2\/media\/98863"}],"wp:attachment":[{"href":"https:\/\/www.europesays.com\/fi\/wp-json\/wp\/v2\/media?parent=98862"}],"wp:term":[{"taxonomy":"category","embeddable":true,"href":"https:\/\/www.europesays.com\/fi\/wp-json\/wp\/v2\/categories?post=98862"},{"taxonomy":"post_tag","embeddable":true,"href":"https:\/\/www.europesays.com\/fi\/wp-json\/wp\/v2\/tags?post=98862"}],"curies":[{"name":"wp","href":"https:\/\/api.w.org\/{rel}","templated":true}]}}