{"id":98866,"date":"2025-11-24T15:57:07","date_gmt":"2025-11-24T15:57:07","guid":{"rendered":"https:\/\/www.europesays.com\/fi\/98866\/"},"modified":"2025-11-24T15:57:07","modified_gmt":"2025-11-24T15:57:07","slug":"archie-cruz-rikkoi-hiljaisuuden-kitkera-tilitys-seuraavaks-sit-jotain-muuta","status":"publish","type":"post","link":"https:\/\/www.europesays.com\/fi\/98866\/","title":{"rendered":"Archie Cruz rikkoi hiljaisuuden &#8211; kitker\u00e4 tilitys: &#8221;Seuraavaks sit jotain muuta&#8221;"},"content":{"rendered":"<p>Archie Cruzin ja h\u00e4nen Iida-siippansa parisuhdevuoristorata on monesti peitt\u00e4nyt sen tosiasian, ett\u00e4 Archie on aivan aikuisten oikeasti kova rock-ammattilainen, jolle tulisi suoda se kunnia joka h\u00e4nelle musiikin ammattilaisena kuuluu.<\/p>\n<p>Archie teki suunnanmuutoksen joitakin aikoja sitten siirtyen s\u00e4velt\u00e4m\u00e4\u00e4n ja esitt\u00e4m\u00e4\u00e4n suomenkielist\u00e4 musiikkia. H\u00e4n teki keikkaa monenlaisissa komboissa b\u00e4ndeist\u00e4 duosetteihin ja trubaduuriesiintymisiin \u2013 aivan kuten musiikkia rakastava tekij\u00e4 tekee.<\/p>\n<p>Muistissa on koskettava Syd\u00e4n\u00e4\u00e4ni\u00e4-biisi, jonka Arttu s\u00e4velsi ja sanoitti raitistumisensa j\u00e4lkimainingeissa. Biisi kertoo syd\u00e4nt\u00e4 riipoen alkoholin l\u00e4heisilt\u00e4\u00e4n viem\u00e4st\u00e4 ihmisest\u00e4.<\/p>\n<p>Lue my\u00f6s: <a href=\"https:\/\/www.como.fi\/uutiset\/archie-cruzilta-hiljaiseksi-vetava-ulostulo-ikava\/\" title=\"Archie Cruzilta hiljaiseksi vet\u00e4v\u00e4 ulostulo: \u201dIk\u00e4v\u00e4\u2026\u201d\" class=\"underline-custom !font-montserrat !font-bold !underline-offset-4 !decoration-4 !decoration-red-600 !text-md\" rel=\"nofollow noopener\" target=\"_blank\">Archie Cruzilta hiljaiseksi vet\u00e4v\u00e4 ulostulo: \u201dIk\u00e4v\u00e4\u2026\u201d<\/a><\/p>\n<p>Sittemmin Archie on etsiskellyt j\u00e4lleen kunnon kansainv\u00e4list\u00e4 rokkenrollia soittavaan orkesteriin lis\u00e4miehityst\u00e4.<\/p>\n<p>Lue my\u00f6s: <a href=\"https:\/\/www.como.fi\/uutiset\/archie-cruzilta-yllari-ilmo-hakee-kumppania\/\" title=\"Archie Cruzilta yll\u00e4ri-ilmo: Hakee kumppania!\" class=\"underline-custom !font-montserrat !font-bold !underline-offset-4 !decoration-4 !decoration-red-600 !text-md\" rel=\"nofollow noopener\" target=\"_blank\">Archie Cruzilta yll\u00e4ri-ilmo: Hakee kumppania!<\/a><\/p>\n<p>Syytt\u00e4\u00e4 musaorganisaatioita<\/p>\n<p>Nyt Archie on rikkonut pienen somehiljaisuuden ja kirjoittanut kitker\u00e4n tekstin julkisuuteen.<\/p>\n<p>Siit\u00e4 voisi p\u00e4\u00e4tell\u00e4, ett\u00e4 suomenkielinen osuus olisi kuopattavissa h\u00e4nen osataan j\u00e4lleen, ja syyn\u00e4 olisi se, ettei musiikki- ja keikkakoneisto her\u00e4nnyt, vaikka lautasella tarjosi.<\/p>\n<p>-P\u00e4\u00e4s melkein unohtumaan t\u00e4ss\u00e4 syksyn mittaan et kes\u00e4ll\u00e4 esitettiin setillinen suomenkielist\u00e4 musaa suurelle ihmisjoukkiolle Savonlinnassa. Truth be told, se on mulle viel\u00e4kin pieni mysteeri miten Suomen keikkamyyj\u00e4t ja levy-yhti\u00f6t onnistui s\u00f6ssim\u00e4\u00e4n n\u00e4inkin t\u00e4ydellisen lapaan sy\u00f6t\u00f6n, mut ei v\u00e4kisin! Biiseist\u00e4 ja toteutuksesta se ei ainakaan j\u00e4\u00e4nyt kiinni, Arttu tykitt\u00e4\u00e4.<\/p>\n<p>Lue my\u00f6s: <a href=\"https:\/\/www.como.fi\/uutiset\/archie-arttu-kuosmanen-cruzz-ryhtyi-opettajaksi-haluatko-oppilaaksi\/\" title=\"Archie \u201dArttu Kuosmanen\u201d Cruz ryhtyi opettajaksi \u2013 haluatko oppilaaksi?\" class=\"underline-custom !font-montserrat !font-bold !underline-offset-4 !decoration-4 !decoration-red-600 !text-md\" rel=\"nofollow noopener\" target=\"_blank\">Archie \u201dArttu Kuosmanen\u201d Cruz ryhtyi opettajaksi \u2013 haluatko oppilaaksi?<\/a><\/p>\n<p>T\u00e4m\u00e4 lause on paljon puhuva:<\/p>\n<p>-Seuraavaks sit jotain ihan muuta! Ehk\u00e4 jonain p\u00e4iv\u00e4n\u00e4 viel\u00e4 paluu suomenkieliseen.<\/p>\n<p>P\u00e4ivityksen voi katsoa upotuksesta alta, ja ellei se n\u00e4y,<a href=\"https:\/\/www.instagram.com\/p\/DRcLVsKCsTL\/\" rel=\"nofollow noopener\" target=\"_blank\"> t\u00e4st\u00e4 linkist\u00e4<\/a>.<\/p>\n<p>Lue my\u00f6s: <a href=\"https:\/\/www.como.fi\/tilaa-comon-uutiskirje\/\" title=\"Tilaa Comon uutiskirje ja tied\u00e4t mist\u00e4 kahvitauolla puhutaan! Nappaa kotimaan tv-vinkit ja puheenaiheet suoraan s\u00e4hk\u00f6postiin t\u00e4st\u00e4.\" class=\"underline-custom !font-montserrat !font-bold !underline-offset-4 !decoration-4 !decoration-red-600 !text-md\" rel=\"nofollow noopener\" target=\"_blank\">Tilaa Comon uutiskirje ja tied\u00e4t mist\u00e4 kahvitauolla puhutaan! Nappaa kotimaan tv-vinkit ja puheenaiheet suoraan s\u00e4hk\u00f6postiin t\u00e4st\u00e4.<\/a><\/p>\n<p>\t\t\t\t<script async src=\"\/\/www.instagram.com\/embed.js\"><\/script><\/p>\n","protected":false},"excerpt":{"rendered":"Archie Cruzin ja h\u00e4nen Iida-siippansa parisuhdevuoristorata on monesti peitt\u00e4nyt sen tosiasian, ett\u00e4 Archie on aivan aikuisten oikeasti kova&hellip;\n","protected":false},"author":2,"featured_media":98867,"comment_status":"","ping_status":"","sticky":false,"template":"","format":"standard","meta":{"footnotes":""},"categories":[136],"tags":[2345,407,137,33,31,30,408,32,109],"class_list":{"0":"post-98866","1":"post","2":"type-post","3":"status-publish","4":"format-standard","5":"has-post-thumbnail","7":"category-julkkikset","8":"tag-archie-cruz","9":"tag-celebrities","10":"tag-entertainment","11":"tag-fi","12":"tag-finland","13":"tag-finnish","14":"tag-julkkikset","15":"tag-suomi","16":"tag-viihde"},"share_on_mastodon":{"url":"https:\/\/pubeurope.com\/@fi\/115605500293811936","error":""},"_links":{"self":[{"href":"https:\/\/www.europesays.com\/fi\/wp-json\/wp\/v2\/posts\/98866","targetHints":{"allow":["GET"]}}],"collection":[{"href":"https:\/\/www.europesays.com\/fi\/wp-json\/wp\/v2\/posts"}],"about":[{"href":"https:\/\/www.europesays.com\/fi\/wp-json\/wp\/v2\/types\/post"}],"author":[{"embeddable":true,"href":"https:\/\/www.europesays.com\/fi\/wp-json\/wp\/v2\/users\/2"}],"replies":[{"embeddable":true,"href":"https:\/\/www.europesays.com\/fi\/wp-json\/wp\/v2\/comments?post=98866"}],"version-history":[{"count":0,"href":"https:\/\/www.europesays.com\/fi\/wp-json\/wp\/v2\/posts\/98866\/revisions"}],"wp:featuredmedia":[{"embeddable":true,"href":"https:\/\/www.europesays.com\/fi\/wp-json\/wp\/v2\/media\/98867"}],"wp:attachment":[{"href":"https:\/\/www.europesays.com\/fi\/wp-json\/wp\/v2\/media?parent=98866"}],"wp:term":[{"taxonomy":"category","embeddable":true,"href":"https:\/\/www.europesays.com\/fi\/wp-json\/wp\/v2\/categories?post=98866"},{"taxonomy":"post_tag","embeddable":true,"href":"https:\/\/www.europesays.com\/fi\/wp-json\/wp\/v2\/tags?post=98866"}],"curies":[{"name":"wp","href":"https:\/\/api.w.org\/{rel}","templated":true}]}}