{"id":98868,"date":"2025-11-24T16:00:09","date_gmt":"2025-11-24T16:00:09","guid":{"rendered":"https:\/\/www.europesays.com\/fi\/98868\/"},"modified":"2025-11-24T16:00:09","modified_gmt":"2025-11-24T16:00:09","slug":"morko-anttila-voittaa-lentopelkonsa-the-box-suomi-ohjelmassa-hyppaamalla-laskuvarjolla","status":"publish","type":"post","link":"https:\/\/www.europesays.com\/fi\/98868\/","title":{"rendered":"M\u00f6rk\u00f6 Anttila voittaa lentopelkonsa The Box Suomi -ohjelmassa hypp\u00e4\u00e4m\u00e4ll\u00e4 laskuvarjolla"},"content":{"rendered":"<p>\n            The Box Suomi. Marko Anttila. Sanoma.<br \/>\n            Sanoma\n        <\/p>\n<p class=\"subtitle \">Marko \u201cM\u00f6rk\u00f6\u201d Anttila antaa ymm\u00e4rt\u00e4\u00e4, ett\u00e4 h\u00e4net on houkuteltu muunnellulla totuudella mukaan kotimaiseen tv-ohjelmaan.<\/p>\n<p class=\"article-content article-content-width !bg-background\">The Box Suomen edellisess\u00e4 osassa kisa muuttui, kun siirryttiin joukkueista yksil\u00f6kilpailuun. Maanantain 24.11. muun muassa hyp\u00e4t\u00e4\u00e4n helikopterista. <\/p>\n<p class=\"article-content article-content-width !bg-background\">Mukana on viel\u00e4 viisi kisaajaa: , , ,  ja . Jakson toisessa kisassa boksin ovien avautuessa vastassa on helikopteri ja muistipelin p\u00f6yt\u00e4.<\/p>\n<p class=\"article-content article-content-width !bg-background\">\u2013 \u00c4\u00e4\u00e4h, M\u00f6rk\u00f6 huokaisee aluksi.<\/p>\n<p class=\"article-content article-content-width !bg-background\">\u2013 Kotia terveisi\u00e4, j\u00e4\u00e4kiekkolegenda huikkaa h\u00e4nen kavutessaan laskuvarjovaljaat p\u00e4\u00e4ll\u00e4 helikopteriin.<\/p>\n<p>        <a itemprop=\"url\" href=\"https:\/\/www.seiska.fi\/katso\/johannes-holopaiselta-paljastus-ttk-jatkoilta-marko-anttila-pisti-ranttaliksi\/2001548\" rel=\"nofollow noopener\" target=\"_blank\"><\/p>\n<p>\nTanssii t\u00e4htien kanssa\n<\/p>\n<p class=\"section-date\">\n        <strong class=\"article-section\" data-section=\"katso\"><br \/>\n            katso<br \/>\n        <\/strong><br \/>\n        10:15\n    <\/p>\n<p>Johannes Holopaiselta paljastus TTK-jatkoilta \u2013 Marko Anttila pisti ranttaliksi?\n    <\/p>\n<p itemprop=\"description\" class=\"subtitle \">\n    Tanssii t\u00e4htien kanssa -kausi sai arvoisensa p\u00e4\u00e4t\u00f6ksen. M\u00f6rk\u00f6 eli Marko Anttila otti roolia jatkobileiss\u00e4.\n<\/p>\n<p>        <\/a><\/p>\n<p>Marko kiroilee helikopterissa<\/p>\n<p class=\"article-content article-content-width !bg-background\">Marko kertoo, ett\u00e4 h\u00e4nelle luvattiin ohjelmaan l\u00e4htiess\u00e4, ettei siin\u00e4 lennell\u00e4 juuri ollenkaan.<\/p>\n<p class=\"article-content article-content-width !bg-background\">\u2013 Nyt pit\u00e4\u00e4 muistaa jotain s**tanan laattoja helikopterissa. Helppo homma, lentopelkoinen Marko manaa.<\/p>\n<p>        <a itemprop=\"url\" href=\"https:\/\/www.seiska.fi\/katso\/ttkn-keskeyttanyt-marko-anttila-tama-on-tilanne-nyt\/1982817\" rel=\"nofollow noopener\" target=\"_blank\"><\/p>\n<p>\nTTK:n keskeytt\u00e4nyt Marko Anttila:\n<\/p>\n<p class=\"section-date\">\n        <strong class=\"article-section\" data-section=\"katso\"><br \/>\n            katso<br \/>\n        <\/strong><br \/>\n        4.11. 12:15\n    <\/p>\n<p>TTK:n keskeytt\u00e4nyt Marko Anttila: T\u00e4m\u00e4 on tilanne nyt\n    <\/p>\n<p itemprop=\"description\" class=\"subtitle \">\n    Marko \u201cM\u00f6rk\u00f6\u201d Anttila ja Kia Lehmuskoski kertovat MTV:ll\u00e4, miten loukkaantuminen tarkkaan ottaen k\u00e4vi.\n<\/p>\n<p>        <\/a><\/p>\n<p class=\"article-content article-content-width !bg-background\">\u2013 Omien pelkojen voittaminen oli yksi syy, miksi toisaalta halusin tulla t\u00e4h\u00e4n ohjelmaan, M\u00f6rk\u00f6 pohtii.<\/p>\n<p>Lent\u00e4j\u00e4n poika<\/p>\n<p class=\"article-content article-content-width !bg-background\">Tandemhypyn suoritettuaan M\u00f6rk\u00f6 on t\u00e4ysin ekstaasissa suorituksestaan.<\/p>\n<p class=\"article-content article-content-width !bg-background\">\u2013 Min\u00e4 olin lent\u00e4j\u00e4n poika, l\u00e4hes sankari siis itsekin, Marko lauleskelee hyppyparinsa kanssa alas liidelless\u00e4\u00e4n.<\/p>\n<p class=\"article-content article-content-width !bg-background\">\u2013 Oli kyll\u00e4 niin makea juttu! Ensimm\u00e4inen kerta ja muistan kyll\u00e4 varmasti aina, Marko kertoo.<\/p>\n<p>                <img decoding=\"async\" src=\"https:\/\/www.europesays.com\/fi\/wp-content\/uploads\/2025\/11\/2002464.webp\" width=\"576\" height=\"274\" alt=\"Ylh\u00e4\u00e4lt\u00e4 n\u00e4kee kauas ja Marko Anttilaa vain laulattaa.\" loading=\"lazy\" \/>            <\/p>\n<p>\n            Ylh\u00e4\u00e4lt\u00e4 n\u00e4kee kauas ja Marko Anttilaa vain laulattaa.<br \/>\n            Sanoma\n        <\/p>\n<p>\u201dMit\u00e4 v**tua?\u201d<\/p>\n<p class=\"article-content article-content-width !bg-background\">Paljastuu, ett\u00e4 kilpailijoiden hyp\u00e4tty\u00e4 yl\u00e4ilmoista heid\u00e4n pit\u00e4\u00e4 j\u00e4rjest\u00e4\u00e4 l\u00e4j\u00e4\u00e4n laitetut muistipelin laatat samaan j\u00e4rjestykseen kuin ne olivat ennen hyppyyn l\u00e4ht\u00f6\u00e4.<\/p>\n<p class=\"article-content article-content-width !bg-background\">\u2013 Mit\u00e4 v**tua? Eiv\u00e4t n\u00e4m\u00e4 n\u00e4in samanlaisia olleet, Markon kiirastuli jatkuu maan pinnallakin.<\/p>\n<p>        <a itemprop=\"url\" href=\"https:\/\/www.seiska.fi\/katso\/marko-morko-anttila-raivostutti-muut-kilpailijat\/1937026\" rel=\"nofollow noopener\" target=\"_blank\"><\/p>\n<p>\nMarko &#8221;M\u00f6rk\u00f6&#8221; Anttila\n<\/p>\n<p class=\"section-date\">\n        <strong class=\"article-section\" data-section=\"katso\"><br \/>\n            katso<br \/>\n        <\/strong><br \/>\n        22.9. 05:15\n    <\/p>\n<p>Marko \u201dM\u00f6rk\u00f6\u201d Anttila raivostutti muut kilpailijat\n    <\/p>\n<p itemprop=\"description\" class=\"subtitle \">\n    M\u00f6rk\u00f6 pett\u00e4\u00e4 kilpakaverinsa.\n<\/p>\n<p>        <\/a><\/p>\n<p class=\"article-content article-content-width !bg-background\">\u2013 T\u00e4m\u00e4 laatta n\u00e4ytt\u00e4\u00e4 meid\u00e4n m\u00f6kilt\u00e4mme. Min\u00e4 olen itse rakentanut sen p\u00e4in persett\u00e4, M\u00f6rk\u00f6 puhisee.<\/p>\n<p class=\"italic m-italic article-content article-content-width !bg-background\">The Box Suomi Nelosella ja Ruudussa maanantaisin kello 20.00.<\/p>\n","protected":false},"excerpt":{"rendered":"The Box Suomi. Marko Anttila. Sanoma. Sanoma Marko \u201cM\u00f6rk\u00f6\u201d Anttila antaa ymm\u00e4rt\u00e4\u00e4, ett\u00e4 h\u00e4net on houkuteltu muunnellulla totuudella&hellip;\n","protected":false},"author":2,"featured_media":98869,"comment_status":"","ping_status":"","sticky":false,"template":"","format":"standard","meta":{"footnotes":""},"categories":[133],"tags":[137,33,31,30,19125,4818,19124,2429,8480,6500,19123,1758,19122,3940,19121,2158,32,206,4523,156,109],"class_list":{"0":"post-98868","1":"post","2":"type-post","3":"status-publish","4":"format-standard","5":"has-post-thumbnail","7":"category-televisiot","8":"tag-entertainment","9":"tag-fi","10":"tag-finland","11":"tag-finnish","12":"tag-helikopteri","13":"tag-kiroilu","14":"tag-laskuvarjohyppy","15":"tag-marko-anttila","16":"tag-marko-morko-anttila","17":"tag-morko","18":"tag-muistipeli","19":"tag-nelonen","20":"tag-pahin-pelko","21":"tag-pelko","22":"tag-pelkojen-voittaminen","23":"tag-ruutu","24":"tag-suomi","25":"tag-televisiot","26":"tag-the-box-suomi","27":"tag-tv","28":"tag-viihde"},"share_on_mastodon":{"url":"https:\/\/pubeurope.com\/@fi\/115605512267748167","error":""},"_links":{"self":[{"href":"https:\/\/www.europesays.com\/fi\/wp-json\/wp\/v2\/posts\/98868","targetHints":{"allow":["GET"]}}],"collection":[{"href":"https:\/\/www.europesays.com\/fi\/wp-json\/wp\/v2\/posts"}],"about":[{"href":"https:\/\/www.europesays.com\/fi\/wp-json\/wp\/v2\/types\/post"}],"author":[{"embeddable":true,"href":"https:\/\/www.europesays.com\/fi\/wp-json\/wp\/v2\/users\/2"}],"replies":[{"embeddable":true,"href":"https:\/\/www.europesays.com\/fi\/wp-json\/wp\/v2\/comments?post=98868"}],"version-history":[{"count":0,"href":"https:\/\/www.europesays.com\/fi\/wp-json\/wp\/v2\/posts\/98868\/revisions"}],"wp:featuredmedia":[{"embeddable":true,"href":"https:\/\/www.europesays.com\/fi\/wp-json\/wp\/v2\/media\/98869"}],"wp:attachment":[{"href":"https:\/\/www.europesays.com\/fi\/wp-json\/wp\/v2\/media?parent=98868"}],"wp:term":[{"taxonomy":"category","embeddable":true,"href":"https:\/\/www.europesays.com\/fi\/wp-json\/wp\/v2\/categories?post=98868"},{"taxonomy":"post_tag","embeddable":true,"href":"https:\/\/www.europesays.com\/fi\/wp-json\/wp\/v2\/tags?post=98868"}],"curies":[{"name":"wp","href":"https:\/\/api.w.org\/{rel}","templated":true}]}}