{"id":98870,"date":"2025-11-24T16:04:09","date_gmt":"2025-11-24T16:04:09","guid":{"rendered":"https:\/\/www.europesays.com\/fi\/98870\/"},"modified":"2025-11-24T16:04:09","modified_gmt":"2025-11-24T16:04:09","slug":"maastohiihto-rukan-maailmancupin-joukkue-julkistettiin-alkukauden-yllattaja-leevi-tarjanne-mukana-hs-fi","status":"publish","type":"post","link":"https:\/\/www.europesays.com\/fi\/98870\/","title":{"rendered":"Maastohiihto | Rukan maailmancupin joukkue julkistettiin, alkukauden yll\u00e4tt\u00e4j\u00e4 Leevi Tarjanne mukana &#8211; HS.fi"},"content":{"rendered":"<ol>\n<li><a href=\"https:\/\/news.google.com\/rss\/articles\/CBMiXEFVX3lxTFA2Smg3cGVzVmt5cnRjbjUyMkVFZkxQVzZMcGN1MlU3ZTBWUkNtNzFRbUw0RFNTc1NpaENwaTBJMUZ5NlRERmUweUROSTE1cXhjVHd0ZzlyYzBwc2lD?oc=5\" target=\"_blank\" rel=\"nofollow noopener\">Maastohiihto | Rukan maailmancupin joukkue julkistettiin, alkukauden yll\u00e4tt\u00e4j\u00e4 Leevi Tarjanne mukana<\/a>&nbsp;&nbsp;HS.fi<\/li>\n<li><a href=\"https:\/\/news.google.com\/rss\/articles\/CBMiQkFVX3lxTE0ybU5SQmN5MnlobFVLdHo0VDVXRXYweXBBeFdERnl0OWNCSW12ZFZTc0pGbjNNMTBGc19OaFhKWHRGUQ?oc=5\" target=\"_blank\" rel=\"nofollow noopener\">T\u00e4ss\u00e4 on Suomen joukkue Rukan maailmancupiin \u2013 alkukaudesta s\u00e4v\u00e4ytt\u00e4neet Leevi Tarjanne ja Veeti Pyykk\u00f6 mukana<\/a>&nbsp;&nbsp;Yle<\/li>\n<li><a href=\"https:\/\/news.google.com\/rss\/articles\/CBMiYkFVX3lxTE5sZ0NMUFdYM3NyQU01S1Y2MFBubExrRmt6aFRmTGRRMElHdUVfX2dlWDBPZjkwWmpQTlR1a3Y2UFY2elRmc0J2SUFacWFRdjA0Vl9rQ3lVNW5DS291SWg1ZWhn?oc=5\" target=\"_blank\" rel=\"nofollow noopener\">Rukan joukkue julkistettiin \u2013 j\u00e4ttiyll\u00e4tt\u00e4j\u00e4 mukana<\/a>&nbsp;&nbsp;Ilta-Sanomat<\/li>\n<li><a href=\"https:\/\/news.google.com\/rss\/articles\/CBMidEFVX3lxTFByWVdUR1NFZVoxVDJocVpMazNpSUdPckk5eXRnOFgzZ0ctQ2lfT3lKTWhxb2dLUUppZEgxWGFYcHpvamhUU2lORy1ldnRGVW02d3loZjVZSTA4STRwYVRjRGpkUWpXRFNMVUdHY1IydG0tb21Q?oc=5\" target=\"_blank\" rel=\"nofollow noopener\">Suomen joukkueet Ruka Nordiciin nimetty<\/a>&nbsp;&nbsp;Suomen Hiihtoliitto<\/li>\n<li><a href=\"https:\/\/news.google.com\/rss\/articles\/CBMiiAFBVV95cUxPUDNGcHNncHU0WHA2Q1hPMDBWSU5FN01iS1NGcUxyZHJKOEF3VWtKT3ZaSlc4ZV95bHhONFdmYUxpZHhTZ3V2WjdDbWRUVmxPWGRFSHhPZS1yb0xvdGsyYk5WZm1nZUlaVUlhUnNGOVUxVVBJZHJIeUotUTU2QlVzUi1nNEZlNkFs?oc=5\" target=\"_blank\" rel=\"nofollow noopener\">Urheilijat haluavat ulkomaalaiset hiihdon Suomen cupiin, mutta j\u00e4rjest\u00e4j\u00e4t eiv\u00e4t \u2013 T\u00e4ss\u00e4 ehdotus osapuolille<\/a>&nbsp;&nbsp;Kaleva<\/li>\n<\/ol>\n","protected":false},"excerpt":{"rendered":"Maastohiihto | Rukan maailmancupin joukkue julkistettiin, alkukauden yll\u00e4tt\u00e4j\u00e4 Leevi Tarjanne mukana&nbsp;&nbsp;HS.fi T\u00e4ss\u00e4 on Suomen joukkue Rukan maailmancupiin \u2013&hellip;\n","protected":false},"author":2,"featured_media":98871,"comment_status":"","ping_status":"","sticky":false,"template":"","format":"standard","meta":{"footnotes":""},"categories":[158],"tags":[33,31,30,46,159,32,160],"class_list":{"0":"post-98870","1":"post","2":"type-post","3":"status-publish","4":"format-standard","5":"has-post-thumbnail","7":"category-urheilu","8":"tag-fi","9":"tag-finland","10":"tag-finnish","11":"tag-helsingin-sanomat","12":"tag-sports","13":"tag-suomi","14":"tag-urheilu"},"share_on_mastodon":{"url":"https:\/\/pubeurope.com\/@fi\/115605527932848972","error":""},"_links":{"self":[{"href":"https:\/\/www.europesays.com\/fi\/wp-json\/wp\/v2\/posts\/98870","targetHints":{"allow":["GET"]}}],"collection":[{"href":"https:\/\/www.europesays.com\/fi\/wp-json\/wp\/v2\/posts"}],"about":[{"href":"https:\/\/www.europesays.com\/fi\/wp-json\/wp\/v2\/types\/post"}],"author":[{"embeddable":true,"href":"https:\/\/www.europesays.com\/fi\/wp-json\/wp\/v2\/users\/2"}],"replies":[{"embeddable":true,"href":"https:\/\/www.europesays.com\/fi\/wp-json\/wp\/v2\/comments?post=98870"}],"version-history":[{"count":0,"href":"https:\/\/www.europesays.com\/fi\/wp-json\/wp\/v2\/posts\/98870\/revisions"}],"wp:featuredmedia":[{"embeddable":true,"href":"https:\/\/www.europesays.com\/fi\/wp-json\/wp\/v2\/media\/98871"}],"wp:attachment":[{"href":"https:\/\/www.europesays.com\/fi\/wp-json\/wp\/v2\/media?parent=98870"}],"wp:term":[{"taxonomy":"category","embeddable":true,"href":"https:\/\/www.europesays.com\/fi\/wp-json\/wp\/v2\/categories?post=98870"},{"taxonomy":"post_tag","embeddable":true,"href":"https:\/\/www.europesays.com\/fi\/wp-json\/wp\/v2\/tags?post=98870"}],"curies":[{"name":"wp","href":"https:\/\/api.w.org\/{rel}","templated":true}]}}