{"id":98876,"date":"2025-11-24T16:09:11","date_gmt":"2025-11-24T16:09:11","guid":{"rendered":"https:\/\/www.europesays.com\/fi\/98876\/"},"modified":"2025-11-24T16:09:11","modified_gmt":"2025-11-24T16:09:11","slug":"tama-netflix-sarja-sai-suomalaiset-koukkuun-katsotuin-jo-9-paivaa-putkeen","status":"publish","type":"post","link":"https:\/\/www.europesays.com\/fi\/98876\/","title":{"rendered":"T\u00e4m\u00e4 Netflix-sarja sai suomalaiset koukkuun \u2013 Katsotuin jo 9 p\u00e4iv\u00e4\u00e4 putkeen"},"content":{"rendered":"<p>Laajalti hehkutettu j\u00e4nnityssarja The Beast in Me on l\u00f6yt\u00e4nyt tiens\u00e4 my\u00f6s suomalaisen Netflix-kansan syd\u00e4miin.<\/p>\n<p>Leffa on ollut suoratoistopalvelun katsotuin sarja jo 9 p\u00e4iv\u00e4\u00e4 putkeen.<\/p>\n<p>Lue my\u00f6s: <a href=\"https:\/\/www.episodi.fi\/uutiset\/netflix-uutuus-keraa-kehuja-esimerkkitapaus-huippuluokan-televisiosarjasta\/\" title=\"Netflix-uutuus ker\u00e4\u00e4 kehuja \u2013 \u201dEsimerkkitapaus huippuluokan televisiosarjasta\u201d\" class=\"underline-custom !font-montserrat !font-bold !underline-offset-4 !decoration-4 !decoration-episodi-blue !text-md\" rel=\"nofollow noopener\" target=\"_blank\">Netflix-uutuus ker\u00e4\u00e4 kehuja \u2013 \u201dEsimerkkitapaus huippuluokan televisiosarjasta\u201d<\/a><\/p>\n<p>Lue my\u00f6s: <a href=\"https:\/\/www.episodi.fi\/uutiset\/mita-tulee-netflixiin-tassa-kuussa-tsekkaa-tasta-kaikki-marraskuun-2025-uudet-sarjat-ja-leffat\/\" title=\"Mit\u00e4 tulee Netflixiin t\u00e4ss\u00e4 kuussa? Tsekkaa t\u00e4st\u00e4 kaikki marraskuun 2025 uudet sarjat ja leffat!\" class=\"underline-custom !font-montserrat !font-bold !underline-offset-4 !decoration-4 !decoration-episodi-blue !text-md\" rel=\"nofollow noopener\" target=\"_blank\">Mit\u00e4 tulee Netflixiin t\u00e4ss\u00e4 kuussa? Tsekkaa t\u00e4st\u00e4 kaikki marraskuun 2025 uudet sarjat ja leffat!<\/a><\/p>\n<p><strong>Claire Danesin<\/strong> ja <strong>Matthew Rhysin<\/strong> t\u00e4hditt\u00e4m\u00e4ss\u00e4, psykologisessa j\u00e4nnityssarjassa menestynyt kirjailija (Danes) on kadottanut kirjoitushalunsa, lapsensa traagisen kuoleman j\u00e4lkeen.<\/p>\n<p>Naapuriin muuttaa kiinteist\u00f6moguli (Rhys) joka on my\u00f6s p\u00e4\u00e4ep\u00e4ilty vaimonsa katoamiseen liittyv\u00e4ss\u00e4 keississ\u00e4. Kirjailija kiinnostuu miehen persoonasta ja haluaa selvitt\u00e4\u00e4, onko h\u00e4n syyllinen.<\/p>\n<p>Alkaa kissa ja hiiri -leikki, jossa nainen kohtaa samalla omat sis\u00e4iset demoninsa.<\/p>\n<p><img loading=\"lazy\" decoding=\"async\" alt=\"YouTube video\" width=\"480\" height=\"360\" data-pin-nopin=\"true\" nopin=\"nopin\" class=\"perfmatters-lazy\" src=\"https:\/\/www.europesays.com\/fi\/wp-content\/uploads\/2025\/11\/1763418133_681_hqdefault.jpg\"\/><\/p>\n<p>L\u00e4hde: <a href=\"https:\/\/flixpatrol.com\/top10\/netflix\/finland\/2025-11-23\/\" rel=\"nofollow noopener\" target=\"_blank\">Flixter<\/a><\/p>\n<p>Lue my\u00f6s: <a href=\"https:\/\/www.episodi.fi\/uutiskirje\/?uutiskirjemainos=tekstilinkkimainos\" title=\"Tilaa Episodin uutiskirje ja voit voittaa leffalippuja! Nappaa tv-vinkit suoraan s\u00e4hk\u00f6postiin t\u00e4st\u00e4.\" class=\"underline-custom !font-montserrat !font-bold !underline-offset-4 !decoration-4 !decoration-episodi-blue !text-md\" rel=\"nofollow noopener\" target=\"_blank\">Tilaa Episodin uutiskirje ja voit voittaa leffalippuja! Nappaa katseluvinkit suoraan s\u00e4hk\u00f6postiin t\u00e4st\u00e4.<\/a><\/p>\n<p>\t\t\t<a href=\"https:\/\/www.facebook.com\/sharer\/sharer.php?u=https:\/\/www.episodi.fi\/uutiset\/tama-netflix-sarja-sai-suomalaiset-koukkuun-katsotuin-jo-9-paivaa-putkeen\/\" target=\"_blank\" class=\"block px-4 py-2 text-sm text-gray-800 border-b hover:bg-gray-200\" rel=\"nofollow noopener\"><\/p>\n<p>\t\t\t\tFacebook<br \/>\n\t\t\t<\/a><br \/>\n\t\t\t<a href=\"https:\/\/twitter.com\/intent\/tweet?text=https:\/\/www.episodi.fi\/uutiset\/tama-netflix-sarja-sai-suomalaiset-koukkuun-katsotuin-jo-9-paivaa-putkeen\/\" target=\"_blank\" class=\"block px-4 py-2 text-sm text-gray-800 border-b hover:bg-gray-200\" rel=\"nofollow noopener\"><\/p>\n<p>\t\t\t\tTwitter<br \/>\n\t\t\t<\/a><br \/>\n\t\t\t<a href=\"mailto:?subject=T\u00e4m\u00e4 Netflix-sarja sai suomalaiset koukkuun \u2013 Katsotuin jo 9 p\u00e4iv\u00e4\u00e4 putkeen&amp;body=https:\/\/www.episodi.fi\/uutiset\/tama-netflix-sarja-sai-suomalaiset-koukkuun-katsotuin-jo-9-paivaa-putkeen\/\" target=\"_blank\" class=\"block px-4 py-2 text-sm text-gray-800 border-b hover:bg-gray-200\"><\/p>\n<p>\t\t\t\tS\u00e4hk\u00f6posti<\/a><\/p>\n<p>\t\t\t\t<script async src=\"https:\/\/platform.twitter.com\/widgets.js\" charset=\"utf-8\"><\/script><\/p>\n","protected":false},"excerpt":{"rendered":"Laajalti hehkutettu j\u00e4nnityssarja The Beast in Me on l\u00f6yt\u00e4nyt tiens\u00e4 my\u00f6s suomalaisen Netflix-kansan syd\u00e4miin. Leffa on ollut suoratoistopalvelun&hellip;\n","protected":false},"author":2,"featured_media":98877,"comment_status":"","ping_status":"","sticky":false,"template":"","format":"standard","meta":{"footnotes":""},"categories":[14],"tags":[22,23,26,27,33,31,30,17,24,25,28,29,217,15,18,21,32,10134,19,20,56,16,59,60,61],"class_list":{"0":"post-98876","1":"post","2":"type-post","3":"status-publish","4":"format-standard","5":"has-post-thumbnail","7":"category-ulkomaat","8":"tag-breaking-news","9":"tag-breakingnews","10":"tag-featured-news","11":"tag-featurednews","12":"tag-fi","13":"tag-finland","14":"tag-finnish","15":"tag-headlines","16":"tag-latest-news","17":"tag-latestnews","18":"tag-main-news","19":"tag-mainnews","20":"tag-netflix","21":"tag-news","22":"tag-otsikot","23":"tag-paauutiset","24":"tag-suomi","25":"tag-the-beast-in-me","26":"tag-top-stories","27":"tag-topstories","28":"tag-ulkomaat","29":"tag-uutiset","30":"tag-world","31":"tag-world-news","32":"tag-worldnews"},"share_on_mastodon":{"url":"https:\/\/pubeurope.com\/@fi\/115605547707957454","error":""},"_links":{"self":[{"href":"https:\/\/www.europesays.com\/fi\/wp-json\/wp\/v2\/posts\/98876","targetHints":{"allow":["GET"]}}],"collection":[{"href":"https:\/\/www.europesays.com\/fi\/wp-json\/wp\/v2\/posts"}],"about":[{"href":"https:\/\/www.europesays.com\/fi\/wp-json\/wp\/v2\/types\/post"}],"author":[{"embeddable":true,"href":"https:\/\/www.europesays.com\/fi\/wp-json\/wp\/v2\/users\/2"}],"replies":[{"embeddable":true,"href":"https:\/\/www.europesays.com\/fi\/wp-json\/wp\/v2\/comments?post=98876"}],"version-history":[{"count":0,"href":"https:\/\/www.europesays.com\/fi\/wp-json\/wp\/v2\/posts\/98876\/revisions"}],"wp:featuredmedia":[{"embeddable":true,"href":"https:\/\/www.europesays.com\/fi\/wp-json\/wp\/v2\/media\/98877"}],"wp:attachment":[{"href":"https:\/\/www.europesays.com\/fi\/wp-json\/wp\/v2\/media?parent=98876"}],"wp:term":[{"taxonomy":"category","embeddable":true,"href":"https:\/\/www.europesays.com\/fi\/wp-json\/wp\/v2\/categories?post=98876"},{"taxonomy":"post_tag","embeddable":true,"href":"https:\/\/www.europesays.com\/fi\/wp-json\/wp\/v2\/tags?post=98876"}],"curies":[{"name":"wp","href":"https:\/\/api.w.org\/{rel}","templated":true}]}}