{"id":98878,"date":"2025-11-24T16:10:10","date_gmt":"2025-11-24T16:10:10","guid":{"rendered":"https:\/\/www.europesays.com\/fi\/98878\/"},"modified":"2025-11-24T16:10:10","modified_gmt":"2025-11-24T16:10:10","slug":"tasta-mainoksesta-nousi-kohu-mahdollisuus-kuvata-itsensa-aidon-vammaisen-kanssa","status":"publish","type":"post","link":"https:\/\/www.europesays.com\/fi\/98878\/","title":{"rendered":"T\u00e4st\u00e4 mainoksesta nousi kohu \u2013 \u201dMahdollisuus kuvata itsens\u00e4 aidon vammaisen kanssa\u201d"},"content":{"rendered":"<p>Uusi mainos her\u00e4tt\u00e4\u00e4 keskustelua suomalaisten asenteesta vammaisia kohtaan.<\/p>\n<p><img decoding=\"async\" class=\"image image-show image-preview\" src=\"https:\/\/www.europesays.com\/fi\/wp-content\/uploads\/2025\/11\/32df681e7398497a7665471618a7c5654fa2f7f51cf1ce705caf87a7dac2cd6b.jpg\" alt=\"\"\/><img decoding=\"async\" class=\"image image-show\" src=\"https:\/\/www.europesays.com\/fi\/wp-content\/uploads\/2025\/11\/1764000609_854_32df681e7398497a7665471618a7c5654fa2f7f51cf1ce705caf87a7dac2cd6b.jpg\" alt=\"\"\/><\/p>\n<p>Turun vammaisneuvoston puheenjohtaja Selin\u00e4 Nera sairastaa perinn\u00f6llist\u00e4 lihassairautta. Sara Lev\u00e4nen<\/p>\n<p class=\"paragraph\">Turun kaupungin vammaisneuvoston luoma tuore mainos jakaa mielipiteit\u00e4.<\/p>\n<p class=\"paragraph\">Mainoksessa yleis\u00f6 kutsutaan Turun p\u00e4\u00e4kirjastoon 3. joulukuuta, eli kansainv\u00e4lisen\u00e4 vammaisten p\u00e4iv\u00e4n\u00e4, ottamaan yhteiskuva \u201daidon vammaisen kanssa\u201d.<\/p>\n<p class=\"paragraph\">Kuvatekstiss\u00e4 luvataan, ett\u00e4 \u201dvammaiset eiv\u00e4t pure\u201d.<\/p>\n<p class=\"paragraph\">Mainos on her\u00e4tt\u00e4nyt laajalti polemiikkia sosiaalisessa mediassa. Lounais-Suomen neuroyhdistyksen julkaiseman Instagram-julkaisun per\u00e4\u00e4n on kertynyt useita kommentteja, joissa mainoksesta on tyrmistytty. Mainos on her\u00e4tt\u00e4nyt laajaa kritiikki\u00e4 my\u00f6s muun muassa <a href=\"https:\/\/www.threads.com\/@jaanamars\/post\/DRSUwXnjM5o\/onkohan-turun-vammaisneuvosto-miettinyt-ihan-loppuun-saakka-tata-mainosta\" target=\"_blank\" rel=\"noopener nofollow\">Threads-palvelussa<\/a>, jossa sit\u00e4 kommentoidaan muun muassa \u201dtyper\u00e4ksi ja loukkaavaksi\u201d sek\u00e4 \u201dmauttomaksi ja asiattomaksi\u201d.<\/p>\n<p class=\"paragraph\">Turun vammaisneuvoston puheenjohtajan <a href=\"https:\/\/www.iltalehti.fi\/henkilot\/Selin\u00e4 Nera\" class=\"article-link-person-page\" rel=\"nofollow noopener\" target=\"_blank\">Selin\u00e4 Neran<\/a> mukaan mainos kuvaa satiirisesti sit\u00e4, miten yhteiskunta suhtautuu vammaisiin.<\/p>\n<p class=\"paragraph\">\u2013 \u201dOta kuva aidon vammaisen kanssa\u201d sanoo \u00e4\u00e4neen sen, mit\u00e4 yleens\u00e4 ei uskalleta sanoa. Meit\u00e4 pidet\u00e4\u00e4n sirkusel\u00e4imin\u00e4, eik\u00e4 yhdenvertaisina ihmisin\u00e4, joilla on mahdollisuus ja halu toimia yhteiskunnan t\u00e4ysivaltaisina j\u00e4senin\u00e4.<\/p>\n<p class=\"paragraph\">Neran mukaan mainos tehtiin tarkoituksella huomiota her\u00e4tt\u00e4v\u00e4ksi, koska vammaisiin liittyv\u00e4t asiat sivuutetaan mediassa ja julkisessa keskustelussa.<\/p>\n<p class=\"paragraph\">\u2013 Ajateltiin, ett\u00e4 jos tehd\u00e4\u00e4n t\u00e4st\u00e4 mainoksesta v\u00e4h\u00e4n rajumpi, niin saadaan enemm\u00e4n ihmisi\u00e4 sinne tapahtumaan ja voidaan siell\u00e4 sitten poistaa vammaisiin liittyvi\u00e4 ennakkoluuloja.<\/p>\n<p>\u201dVammainen ei ole haukkumasana\u201d<\/p>\n<p class=\"paragraph\">Nera kertoo, ett\u00e4 vammaisneuvoston mainos on kirvoittanut sek\u00e4 hyv\u00e4\u00e4 ett\u00e4 huonoa palautetta.<\/p>\n<p class=\"paragraph\">\u2013 Mainos on koettu hyv\u00e4ksi siin\u00e4 mieless\u00e4, ett\u00e4 pystyt\u00e4\u00e4n leikittelem\u00e4\u00e4n vaikeilla asioilla ja tehd\u00e4\u00e4n tapahtumasta kiinnostava. Mutta samaan aikaan ollaan saatu palautetta, ett\u00e4 mainos on koettu loukkaavana, Nera sanoo.<\/p>\n<p class=\"paragraph\">\u2013 Vammaisneuvosto koostuu vammaisista ihmisist\u00e4 ja meid\u00e4n joukko on yksimielisesti t\u00e4m\u00e4n mainoksen hyv\u00e4ksynyt. Tiedostettiin toki riski, ett\u00e4 se tulkitaan negatiiviss\u00e4vytteisesti, koska huumori on vaikea laji.<\/p>\n<p class=\"paragraph\">Osa ihmisist\u00e4 kokee jo sanan \u201dvammainen\u201d loukkaavaksi. Neran mielest\u00e4 sanaa saa ja pit\u00e4\u00e4 k\u00e4ytt\u00e4\u00e4, sen varsinaisessa merkityksess\u00e4.<\/p>\n<p class=\"paragraph\">\u2013 Se on iso ongelma, ettei puhuta vammaisuudesta, koska ajatellaan, ett\u00e4 se loukkaa ihmisi\u00e4. Osa vammaisista kokee itsekin sanan loukkaavana, koska siihen liitet\u00e4\u00e4n niin paljon negatiivisia asiayhteyksi\u00e4, Nera kertoo.<\/p>\n<p class=\"paragraph\">\u2013 Se on tietysti loukkaavaa, jos k\u00e4ytt\u00e4\u00e4 sanaa negatiivisessa asiayhteydess\u00e4 tai kuvaa vammaisia negatiivisuuden kautta.<\/p>\n<p class=\"paragraph\">Neran mukaan vammaiset eiv\u00e4t voi yksin muuttaa yhteiskunnan asenteita; siihen tarvitaan kaikkien panosta.<\/p>\n<p class=\"paragraph\">\u2013 Jos kuulee, ett\u00e4 joku k\u00e4ytt\u00e4\u00e4 sanaa negatiivisessa merkityksess\u00e4, niin puuttuu siihen ja nostaa esiin, ett\u00e4 vammainen tarkoittaa itse asiassa t\u00e4t\u00e4, eik\u00e4 se ole haukkumasana.<\/p>\n<p>Sanaa \u201dvammainen\u201d on k\u00e4ytetty negatiivisena adjektiivina jopa kokouksissa, joissa Nera itse on ollut paikalla.  Sara Lev\u00e4nen<\/p>\n<p>\u201dJoku saattaa kadulla sylke\u00e4 p\u00e4\u00e4lle\u201d<\/p>\n<p class=\"paragraph\">Vammaisiin kohdistuva syrjint\u00e4 on Neran arjessa aina l\u00e4sn\u00e4. Isoimmiksi haasteiksi Nera nostaa palveluiden riitt\u00e4m\u00e4tt\u00f6myyden ja puutteet esteett\u00f6myydess\u00e4.<\/p>\n<p class=\"paragraph\">\u2013 Meid\u00e4n yhteiskunta on rakennettu t\u00e4ysin toimintakykyisten ihmisten ehdoilla ja se n\u00e4kyy oikeastaan ihan kaikessa, Nera toteaa.<\/p>\n<p class=\"paragraph\">Lis\u00e4ksi vammaiset joutuvat kest\u00e4m\u00e4\u00e4n ep\u00e4kunnioittavaa k\u00e4yt\u00f6st\u00e4 ja h\u00e4irint\u00e4\u00e4. Neran mielest\u00e4 jotkut suhtautuvat vammaisuuteen pelolla ja inholla, mik\u00e4 n\u00e4kyy vihamielisyyten\u00e4.<\/p>\n<p class=\"paragraph\">\u2013 Ihmiset voi tulla koskemaan mun py\u00f6r\u00e4tuoliin tai nojailla siihen kysym\u00e4tt\u00e4 lupaa, eik\u00e4 sit\u00e4 pidet\u00e4 mitenk\u00e4\u00e4n erikoisena, Nera kertoo.<\/p>\n<p class=\"paragraph\">\u2013 Joku saattaa alkaa kadulla nauramaan tai sylke\u00e4 p\u00e4\u00e4lle. Voi joka p\u00e4iv\u00e4kin tapahtua t\u00e4llaisia tilanteita.<\/p>\n<p class=\"paragraph\">Mainoksen her\u00e4tt\u00e4m\u00e4st\u00e4 kohusta kertoi ensimm\u00e4isen\u00e4 <a href=\"https:\/\/www.ts.fi\/uutiset\/6832010\" target=\"_blank\" rel=\"noopener nofollow\">Turun Sanomat<\/a>.<\/p>\n","protected":false},"excerpt":{"rendered":"Uusi mainos her\u00e4tt\u00e4\u00e4 keskustelua suomalaisten asenteesta vammaisia kohtaan. Turun vammaisneuvoston puheenjohtaja Selin\u00e4 Nera sairastaa perinn\u00f6llist\u00e4 lihassairautta. Sara Lev\u00e4nen&hellip;\n","protected":false},"author":2,"featured_media":98879,"comment_status":"","ping_status":"","sticky":false,"template":"","format":"standard","meta":{"footnotes":""},"categories":[12],"tags":[35,22,23,26,27,33,31,30,17,8372,100,24,25,41,28,29,15,18,21,103,32,19,20,860,16],"class_list":{"0":"post-98878","1":"post","2":"type-post","3":"status-publish","4":"format-standard","5":"has-post-thumbnail","7":"category-suomi","8":"tag-24h","9":"tag-breaking-news","10":"tag-breakingnews","11":"tag-featured-news","12":"tag-featurednews","13":"tag-fi","14":"tag-finland","15":"tag-finnish","16":"tag-headlines","17":"tag-ihmisen-huono-kaytos","18":"tag-lapset-ja-nuoret","19":"tag-latest-news","20":"tag-latestnews","21":"tag-liikunta-ja-urheilu","22":"tag-main-news","23":"tag-mainnews","24":"tag-news","25":"tag-otsikot","26":"tag-paauutiset","27":"tag-sosiaalikysymykset","28":"tag-suomi","29":"tag-top-stories","30":"tag-topstories","31":"tag-tyoelama","32":"tag-uutiset"},"share_on_mastodon":{"url":"","error":""},"_links":{"self":[{"href":"https:\/\/www.europesays.com\/fi\/wp-json\/wp\/v2\/posts\/98878","targetHints":{"allow":["GET"]}}],"collection":[{"href":"https:\/\/www.europesays.com\/fi\/wp-json\/wp\/v2\/posts"}],"about":[{"href":"https:\/\/www.europesays.com\/fi\/wp-json\/wp\/v2\/types\/post"}],"author":[{"embeddable":true,"href":"https:\/\/www.europesays.com\/fi\/wp-json\/wp\/v2\/users\/2"}],"replies":[{"embeddable":true,"href":"https:\/\/www.europesays.com\/fi\/wp-json\/wp\/v2\/comments?post=98878"}],"version-history":[{"count":0,"href":"https:\/\/www.europesays.com\/fi\/wp-json\/wp\/v2\/posts\/98878\/revisions"}],"wp:featuredmedia":[{"embeddable":true,"href":"https:\/\/www.europesays.com\/fi\/wp-json\/wp\/v2\/media\/98879"}],"wp:attachment":[{"href":"https:\/\/www.europesays.com\/fi\/wp-json\/wp\/v2\/media?parent=98878"}],"wp:term":[{"taxonomy":"category","embeddable":true,"href":"https:\/\/www.europesays.com\/fi\/wp-json\/wp\/v2\/categories?post=98878"},{"taxonomy":"post_tag","embeddable":true,"href":"https:\/\/www.europesays.com\/fi\/wp-json\/wp\/v2\/tags?post=98878"}],"curies":[{"name":"wp","href":"https:\/\/api.w.org\/{rel}","templated":true}]}}