{"id":98882,"date":"2025-11-24T16:23:10","date_gmt":"2025-11-24T16:23:10","guid":{"rendered":"https:\/\/www.europesays.com\/fi\/98882\/"},"modified":"2025-11-24T16:23:10","modified_gmt":"2025-11-24T16:23:10","slug":"il-kauramiljonaari-kukkosen-raadollinen-tilitys-loysi-avun-sienihoidon-jalkeen","status":"publish","type":"post","link":"https:\/\/www.europesays.com\/fi\/98882\/","title":{"rendered":"IL: Kauramiljon\u00e4\u00e4ri Kukkosen raadollinen tilitys: L\u00f6ysi avun sienihoidon j\u00e4lkeen"},"content":{"rendered":"<p>Kauramiljon\u00e4\u00e4ri JP Kukkonen on antanut Iltalehdelle avoimen tilityksen, jossa valottaa oikeaa itse\u00e4\u00e4n kohuotsikoiden takana.<\/p>\n<p>Lue my\u00f6s: <a href=\"https:\/\/www.como.fi\/uutiset\/kauramiljonaari-paljastaa-seiskassa-paljonko-tuhlasi-hummailuun-rakastuneena-4ssa-kuukaudessa\/\" title=\"Kauramiljon\u00e4\u00e4ri paljastaa Seiskassa paljonko tuhlasi hummailuun rakastuneena 4:ss\u00e4 kuukaudessa\" class=\"underline-custom !font-montserrat !font-bold !underline-offset-4 !decoration-4 !decoration-red-600 !text-md\" rel=\"nofollow noopener\" target=\"_blank\">Kauramiljon\u00e4\u00e4ri paljastaa Seiskassa paljonko tuhlasi hummailuun rakastuneena 4:ss\u00e4 kuukaudessa<\/a><\/p>\n<p>Miehest\u00e4 on tehtailtu \u00f6kyotsikoita, ja kainalossa on viihtynyt naisia, eik\u00e4 lyhyt avioliittokaan Netta-rakkaan kanssa mennyt ilman miljoonia palstamillimetrej\u00e4.<\/p>\n<p>Muutos Hollannin-matkan j\u00e4lkeen<\/p>\n<p>Kukkonen ei tunnista itse\u00e4\u00e4n jutuista.<\/p>\n<p>\u2013 Kyll\u00e4 min\u00e4 tied\u00e4n, ett\u00e4 ihmiset n\u00e4kev\u00e4t minut sellaisena playboy-tyyppin\u00e4, joka ajelee Porschella ja vaihtaa naista kuin paitaa. Todellisuus on, ett\u00e4 50 prosenttia ajastani menee lasteni kanssa ja olen ollut t\u00e4n\u00e4 vuonna ulkona ehk\u00e4 nelj\u00e4 kertaa, Kukkonen vannottelee Iltalehdelle.<\/p>\n<p>Vauhdikas el\u00e4m\u00e4 on silti vaatinut veronsa. Viime kes\u00e4n\u00e4, viimeisimm\u00e4n suhteen p\u00e4\u00e4tytty\u00e4, Kukkonen koki burn outin ja ajautui terapiaan.<\/p>\n<p>Terapeutilta h\u00e4n kuuli yll\u00e4tt\u00e4vi\u00e4.<\/p>\n<p>Lue my\u00f6s: <a href=\"https:\/\/www.como.fi\/uutiset\/fuengirola-miljonaari-jp-kukkonen-tekee-nyt-bisnesta-kannabistuotteilla\/\" title=\"Fuengirola: Miljon\u00e4\u00e4ri JP Kukkonen tekee nyt bisnest\u00e4 kannabistuotteilla\" class=\"underline-custom !font-montserrat !font-bold !underline-offset-4 !decoration-4 !decoration-red-600 !text-md\" rel=\"nofollow noopener\" target=\"_blank\">Fuengirola: Miljon\u00e4\u00e4ri JP Kukkonen tekee nyt bisnest\u00e4 kannabistuotteilla<\/a><\/p>\n<p>\u2013 Terapeuttini sanoi suoraan, ett\u00e4 minun ongelmani ei ole viina. Se on naiset. Ja se on totta. Mulla on toistuva kaava. Kolme suhdetta, kolme samanlaista loppua, Kukkonen kertoo Iltalehdess\u00e4.<\/p>\n<p>Kukkonen kertoo olevansa l\u00e4heisriippuvainen. Nyt h\u00e4n on opetellut olemaan yksin. On ollut t\u00e4rke\u00e4\u00e4 ymm\u00e4rt\u00e4\u00e4, ett\u00e4 h\u00e4n on l\u00e4htenyt suhteisiin v\u00e4\u00e4rin perustein. H\u00e4n hukuttaa kumppanin ylt\u00e4kyll\u00e4isyyteen, jolloin h\u00e4n tavallaan tiet\u00e4\u00e4, ett\u00e4 toisella ei ole mahdollisuutta l\u00e4hte\u00e4 pois \u2013 h\u00e4n on kiinni kaikilla tavoin.<\/p>\n<p>Kukkonen kertoo ottaneensa Hollannissa psykedeelist\u00e4 hoitoa ja saaneensa apua.<\/p>\n<p>\u2013 Olen oppinut tunnistamaan, milloin joku ihminen on mulle v\u00e4\u00e4r\u00e4. Jos ennen kiehtoi draama, nyt kiinnostaa rauha. Haluan olla hyv\u00e4 is\u00e4, enk\u00e4 en\u00e4\u00e4 mik\u00e4\u00e4n otsikkopoika, Kukkonen sanoo<a href=\"https:\/\/www.iltalehti.fi\/viihdeuutiset\/a\/23cf9d36-79ec-4ff2-9956-119dd0045835\" target=\"_blank\" rel=\"noreferrer noopener nofollow\"> IL:ss\u00e4.<\/a><\/p>\n<p>Lue my\u00f6s: <a href=\"https:\/\/www.como.fi\/tilaa-comon-uutiskirje\/\" title=\"Tilaa Comon uutiskirje ja tied\u00e4t mist\u00e4 kahvitauolla puhutaan! Nappaa kotimaan tv-vinkit ja puheenaiheet suoraan s\u00e4hk\u00f6postiin t\u00e4st\u00e4.\" class=\"underline-custom !font-montserrat !font-bold !underline-offset-4 !decoration-4 !decoration-red-600 !text-md\" rel=\"nofollow noopener\" target=\"_blank\">Tilaa Comon uutiskirje ja tied\u00e4t mist\u00e4 kahvitauolla puhutaan! Nappaa kotimaan tv-vinkit ja puheenaiheet suoraan s\u00e4hk\u00f6postiin t\u00e4st\u00e4.<\/a><\/p>\n","protected":false},"excerpt":{"rendered":"Kauramiljon\u00e4\u00e4ri JP Kukkonen on antanut Iltalehdelle avoimen tilityksen, jossa valottaa oikeaa itse\u00e4\u00e4n kohuotsikoiden takana. Lue my\u00f6s: Kauramiljon\u00e4\u00e4ri paljastaa&hellip;\n","protected":false},"author":2,"featured_media":98883,"comment_status":"","ping_status":"","sticky":false,"template":"","format":"standard","meta":{"footnotes":""},"categories":[136],"tags":[407,137,33,31,30,11530,408,32,109],"class_list":{"0":"post-98882","1":"post","2":"type-post","3":"status-publish","4":"format-standard","5":"has-post-thumbnail","7":"category-julkkikset","8":"tag-celebrities","9":"tag-entertainment","10":"tag-fi","11":"tag-finland","12":"tag-finnish","13":"tag-jp-kukkonen","14":"tag-julkkikset","15":"tag-suomi","16":"tag-viihde"},"share_on_mastodon":{"url":"https:\/\/pubeurope.com\/@fi\/115605602468006607","error":""},"_links":{"self":[{"href":"https:\/\/www.europesays.com\/fi\/wp-json\/wp\/v2\/posts\/98882","targetHints":{"allow":["GET"]}}],"collection":[{"href":"https:\/\/www.europesays.com\/fi\/wp-json\/wp\/v2\/posts"}],"about":[{"href":"https:\/\/www.europesays.com\/fi\/wp-json\/wp\/v2\/types\/post"}],"author":[{"embeddable":true,"href":"https:\/\/www.europesays.com\/fi\/wp-json\/wp\/v2\/users\/2"}],"replies":[{"embeddable":true,"href":"https:\/\/www.europesays.com\/fi\/wp-json\/wp\/v2\/comments?post=98882"}],"version-history":[{"count":0,"href":"https:\/\/www.europesays.com\/fi\/wp-json\/wp\/v2\/posts\/98882\/revisions"}],"wp:featuredmedia":[{"embeddable":true,"href":"https:\/\/www.europesays.com\/fi\/wp-json\/wp\/v2\/media\/98883"}],"wp:attachment":[{"href":"https:\/\/www.europesays.com\/fi\/wp-json\/wp\/v2\/media?parent=98882"}],"wp:term":[{"taxonomy":"category","embeddable":true,"href":"https:\/\/www.europesays.com\/fi\/wp-json\/wp\/v2\/categories?post=98882"},{"taxonomy":"post_tag","embeddable":true,"href":"https:\/\/www.europesays.com\/fi\/wp-json\/wp\/v2\/tags?post=98882"}],"curies":[{"name":"wp","href":"https:\/\/api.w.org\/{rel}","templated":true}]}}