{"id":98888,"date":"2025-11-24T16:31:09","date_gmt":"2025-11-24T16:31:09","guid":{"rendered":"https:\/\/www.europesays.com\/fi\/98888\/"},"modified":"2025-11-24T16:31:09","modified_gmt":"2025-11-24T16:31:09","slug":"lidlin-halpisravintolan-paikat-myytiin-loppuun-jopa-4-minuutissa-mattimyohasille-tarjolla-lisapaikkoja-paikalliset","status":"publish","type":"post","link":"https:\/\/www.europesays.com\/fi\/98888\/","title":{"rendered":"Lidlin halpisravintolan paikat myytiin loppuun jopa 4 minuutissa \u2013\u2009mattimy\u00f6h\u00e4sille tarjolla lis\u00e4paikkoja | Paikalliset"},"content":{"rendered":"<p>Kauppaketjuj\u00e4tti Lidlin viiden p\u00e4iv\u00e4n ravintolan paikat varattiin loppuun alle puolessa tunnissa. Lidl avaa suurta suosiota jo etuk\u00e4teen her\u00e4tt\u00e4neen <a href=\"https:\/\/www.helsinginuutiset.fi\/paikalliset\/8951749\" rel=\"nofollow noopener\" target=\"_blank\">pop up -ravintolansa Helsingin keskustaan<\/a> tiistaina (25. marraskuuta).<\/p>\n<p>Ravintola on auki viiden p\u00e4iv\u00e4n ajan ja se toimii ravintola Finnj\u00e4velin tiloissa (Ainonkatu 3) Edunkuntatalon takana.<\/p>\n<p><strong class=\"diks-storyline__impact\">My\u00f6s my\u00f6hemmin <\/strong>julkistetut lis\u00e4paikat ravintolaan meniv\u00e4t kauppaj\u00e4tin mukaan nelj\u00e4ss\u00e4 minuutissa.<\/p>\n<p>Markkinointip\u00e4\u00e4llikk\u00f6 <strong>Jonna Musa<\/strong> kertoo, ett\u00e4 suosio ylitti kaikki mahdolliset odotukset.<\/p>\n<p>T\u00e4m\u00e4n takia osaan kattauksiin on j\u00e4tetty muutama walk in -paikka spontaanisti paikan p\u00e4\u00e4lle tuleville. Paikkoja on rajallisesti.<\/p>\n<p>\u2013\u2009Ravintola on varautunut jonoihin, emmek\u00e4 tietenk\u00e4\u00e4n halua seisottaa ihmisi\u00e4 turhaan. Henkil\u00f6kunta ilmoittaa, mik\u00e4li n\u00e4ytt\u00e4\u00e4 silt\u00e4, etteiv\u00e4t kaikki halukkaat mahdu sis\u00e4\u00e4n, Musa toteaa tiedotteessa.<\/p>\n<p><strong class=\"diks-storyline__impact\">Lidlerie<\/strong> on auki tiistaista lauantaihin (25.\u201329. marraskuuta). Lounasta on tarjolla kello 11.30\u201314 ja illallista 17\u201322.<\/p>\n<p>Keskiviikon lounaskattaukseen ei ole walk in -paikkoja, sill\u00e4 Lidl tarjoaa t\u00e4ll\u00f6in lounaan v\u00e4h\u00e4varaisille perheille Mannerheimin lastensuojeluliiton kanssa.<\/p>\n<p><strong class=\"diks-storyline__impact\">Menun<\/strong> annokset maksavat niiden valmistuksessa k\u00e4ytetyn tuotteiden hinnan verran. Raaka-aineet ovat saatavilla Lidlin myym\u00e4l\u00f6iss\u00e4.<\/p>\n<p>Esimerkiksi nelj\u00e4n ruokalajin illallisen saa 12,69 eurolla.<\/p>\n<p><strong class=\"diks-storyline__impact\">Jokaisessa<\/strong> menussa on tarjolla my\u00f6s oma viinipaketti, joka koostuu muualla Euroopassa Lidl-myym\u00e4l\u00f6iden hyllyilt\u00e4 l\u00f6ytyvist\u00e4 viineist\u00e4.<\/p>\n<p>Suomessa yli kahdeksan prosenttisia juomia ei saa myyd\u00e4 ruokakaupoissa.<\/p>\n<p><strong class=\"diks-storyline__impact\">Lidl<\/strong> on julkaissut my\u00f6s osan ravintolan resepteist\u00e4.<\/p>\n<p>\u2013\u2009K\u00e4yt\u00e4nn\u00f6ss\u00e4 reseptej\u00e4 yksinkertaistetaan jonkin verran ja annosm\u00e4\u00e4ri\u00e4 skaalataan alasp\u00e4in, kertoo kokki <strong>Henri Al\u00e9n<\/strong> tiedotteessa.<\/p>\n<p>Annosten maku pysyy l\u00e4ht\u00f6kohtaisesti samana. Jokainen kokki tuo annokseen mukaan toki oman silauksensa.<\/p>\n<p>Reseptit l\u00f6ytyv\u00e4t <a href=\"https:\/\/www.lidl-reseptit.fi\/lidlerien-pohjolan-makuja-menun-reseptit\" rel=\"nofollow noopener\" target=\"_blank\">t\u00e4\u00e4lt\u00e4<\/a>.<\/p>\n<p><strong class=\"diks-storyline__impact\">Julkaistavat <\/strong>reseptit ovat Lidlerien Pohjolan makuja -menusta, joka pit\u00e4\u00e4 sis\u00e4ll\u00e4\u00e4n hiillostettua kirjolohta, perunavelli\u00e4 muikunm\u00e4dill\u00e4, paistettua naudan ulkofileet\u00e4 ja Ahvenanmaan pannukakkua.<\/p>\n<p><strong class=\"diks-storyline__impact\">Lidlerie<\/strong> on Lidlin ja huippukokki <strong>Henri Al\u00e9nin<\/strong> perustama ravintola.<\/p>\n","protected":false},"excerpt":{"rendered":"Kauppaketjuj\u00e4tti Lidlin viiden p\u00e4iv\u00e4n ravintolan paikat varattiin loppuun alle puolessa tunnissa. Lidl avaa suurta suosiota jo etuk\u00e4teen her\u00e4tt\u00e4neen&hellip;\n","protected":false},"author":2,"featured_media":98889,"comment_status":"","ping_status":"","sticky":false,"template":"","format":"standard","meta":{"footnotes":""},"categories":[130],"tags":[137,33,31,30,104,3238,7119,3723,2331,32,109],"class_list":{"0":"post-98888","1":"post","2":"type-post","3":"status-publish","4":"format-standard","5":"has-post-thumbnail","7":"category-viihde","8":"tag-entertainment","9":"tag-fi","10":"tag-finland","11":"tag-finnish","12":"tag-helsinki","13":"tag-lidl","14":"tag-menut","15":"tag-ravintolat","16":"tag-ruoka-ja-juoma","17":"tag-suomi","18":"tag-viihde"},"share_on_mastodon":{"url":"https:\/\/pubeurope.com\/@fi\/115605633965017396","error":""},"_links":{"self":[{"href":"https:\/\/www.europesays.com\/fi\/wp-json\/wp\/v2\/posts\/98888","targetHints":{"allow":["GET"]}}],"collection":[{"href":"https:\/\/www.europesays.com\/fi\/wp-json\/wp\/v2\/posts"}],"about":[{"href":"https:\/\/www.europesays.com\/fi\/wp-json\/wp\/v2\/types\/post"}],"author":[{"embeddable":true,"href":"https:\/\/www.europesays.com\/fi\/wp-json\/wp\/v2\/users\/2"}],"replies":[{"embeddable":true,"href":"https:\/\/www.europesays.com\/fi\/wp-json\/wp\/v2\/comments?post=98888"}],"version-history":[{"count":0,"href":"https:\/\/www.europesays.com\/fi\/wp-json\/wp\/v2\/posts\/98888\/revisions"}],"wp:featuredmedia":[{"embeddable":true,"href":"https:\/\/www.europesays.com\/fi\/wp-json\/wp\/v2\/media\/98889"}],"wp:attachment":[{"href":"https:\/\/www.europesays.com\/fi\/wp-json\/wp\/v2\/media?parent=98888"}],"wp:term":[{"taxonomy":"category","embeddable":true,"href":"https:\/\/www.europesays.com\/fi\/wp-json\/wp\/v2\/categories?post=98888"},{"taxonomy":"post_tag","embeddable":true,"href":"https:\/\/www.europesays.com\/fi\/wp-json\/wp\/v2\/tags?post=98888"}],"curies":[{"name":"wp","href":"https:\/\/api.w.org\/{rel}","templated":true}]}}