{"id":98894,"date":"2025-11-24T16:36:11","date_gmt":"2025-11-24T16:36:11","guid":{"rendered":"https:\/\/www.europesays.com\/fi\/98894\/"},"modified":"2025-11-24T16:36:11","modified_gmt":"2025-11-24T16:36:11","slug":"nainen-katosi-kiilopaalla-poliisilta-lohduton-tieto","status":"publish","type":"post","link":"https:\/\/www.europesays.com\/fi\/98894\/","title":{"rendered":"Nainen katosi Kiilop\u00e4\u00e4ll\u00e4 \u2013 Poliisilta lohduton tieto"},"content":{"rendered":"<p>75-vuotias nainen on ollut kateissa Lapissa jo 12 p\u00e4iv\u00e4\u00e4. Naista ei ole l\u00f6ydetty. <\/p>\n<p><img decoding=\"async\" class=\"image image-show image-preview\" src=\"https:\/\/www.europesays.com\/fi\/wp-content\/uploads\/2025\/11\/1764002169_227_402f9ffd2dec90ae057a72a7b531a4fc2a67d1453c59075a5a2144d3f603c36b.jpg\" alt=\"\"\/><img decoding=\"async\" class=\"image image-show\" src=\"https:\/\/www.europesays.com\/fi\/wp-content\/uploads\/2025\/11\/1762351451_150_402f9ffd2dec90ae057a72a7b531a4fc2a67d1453c59075a5a2144d3f603c36b.jpg\" alt=\"\"\/><\/p>\n<p>Poliisi keskeytt\u00e4\u00e4 toistaiseksi kadonneen naisen etsinn\u00e4t tuloksettomina.  Inka Soveri<\/p>\n<p class=\"paragraph\">Poliisi keskeytt\u00e4\u00e4 Inarin Kiilop\u00e4\u00e4ll\u00e4 kadonneen 75-vuotiaan naisen etsinn\u00e4t toistaiseksi.<\/p>\n<p class=\"paragraph\">Nainen katosi torstaina 13. marraskuuta. Nainen on ollut kateissa jo 12 p\u00e4iv\u00e4\u00e4. H\u00e4net n\u00e4htiin viimeksi Kiilop\u00e4\u00e4ll\u00e4 sijaitsevassa hotellissa.<\/p>\n<p class=\"paragraph\">Poliisin mukaan haastavat olosuhteet ja syd\u00e4ntalven l\u00e4hestyminen ovat vaikeuttaneet etsint\u00f6j\u00e4. Poliisi kertoo, ettei se silti aio luovuttaa asian suhteen.<\/p>\n<p>Etsinn\u00e4t jatkuvat kev\u00e4\u00e4ll\u00e4<\/p>\n<p>Poliisi julkaisi kuvan Kiilop\u00e4\u00e4ll\u00e4 kadonneesta naisesta.  Lapin poliisilaitos<\/p>\n<p class=\"paragraph\">Naista etsittiin alueelta ja sen l\u00e4hireiteilt\u00e4, mutta h\u00e4t\u00e4etsinn\u00e4t lopetettiin tuloksettomina sunnuntai-iltana 16. marraskuuta.<\/p>\n<p class=\"paragraph\">Poliisi jatkoi viel\u00e4 t\u00e4m\u00e4n j\u00e4lkeen kadonneen henkil\u00f6n etsint\u00e4\u00e4 Kiilop\u00e4\u00e4ll\u00e4 viime viikonlopun ja nyt maanantain aikana. Kadonnutta henkil\u00f6\u00e4 ei l\u00f6ytynyt.<\/p>\n<p class=\"paragraph\">Kadonnutta etsittiin Kiilop\u00e4\u00e4n tunturikeskuksen l\u00e4hialueilta. Poliisin tiedotteen mukaan talviset olosuhteet vaikeuttivat etsint\u00f6j\u00e4.<\/p>\n<p class=\"paragraph\">\u2013 Valoisaa aikaa on en\u00e4\u00e4 muutama tunti, pakkasta oli reilu parikymment\u00e4 astetta ja lunta oli paikoin kinostunut reilusti. N\u00e4iss\u00e4 olosuhteissa ja syd\u00e4ntalven alkaessa kadonneen l\u00f6yt\u00e4misen todenn\u00e4k\u00f6isyys on hyvin pieni, tiedotteessa kerrotaan.<\/p>\n<p class=\"paragraph\">Kaikesta huolimatta poliisi kertoo, ettei se viel\u00e4 luovuta. Poliisi aikoo talven aikana tarkistaa saamansa vihjeet ja se tekee etsint\u00f6j\u00e4 kohdennetusti.<\/p>\n<p class=\"paragraph\">Mutta poliisin mukaan laajemmassa mittakaavassa etsint\u00f6j\u00e4 on kuitenkin j\u00e4rkev\u00e4\u00e4 jatkaa vasta kev\u00e4\u00e4ll\u00e4.<\/p>\n<p class=\"paragraph\">Etsint\u00f6ihin osallistuivat poliisin lis\u00e4ksi Rajavartiolaitos, Lapin pelastuslaitos ja vapaaehtoinen pelastuspalvelu (Vapepa). Poliisi kiitt\u00e4\u00e4 kaikkia etsint\u00e4\u00e4n osallistuneista avusta.<\/p>\n<p>LUE MY\u00d6SIlmoita Kiilop\u00e4\u00e4n alueella tekemist\u00e4si havainnoista<\/p>\n<ul>\n<li>Poliisi kehottaa alueella talven aikana liikkuvia havainnoimaan ymp\u00e4rist\u00f6\u00e4 tarkasti. <\/li>\n<li>Nainen on 165 senttimetri\u00e4 pitk\u00e4 ja harmaahiuksinen. <\/li>\n<li>H\u00e4nell\u00e4 on silm\u00e4lasit ja k\u00e4velysauvat. Yll\u00e4\u00e4n h\u00e4nell\u00e4 on punainen takki, mustat housut ja keng\u00e4t sek\u00e4 mahdollisesti keltainen pipo, jossa my\u00f6s punaista.<\/li>\n<li>Kadonneen henkil\u00f6n, edell\u00e4 mainittujen vaatekappaleiden tai varusteiden l\u00f6ytymisest\u00e4 tulee ilmoittaa h\u00e4t\u00e4numeroon 112.<\/li>\n<li>Kiireett\u00f6m\u00e4t vihjeet voi ilmoittaa s\u00e4hk\u00f6postilla osoitteeseen vihjeet.lappi@poliisi.fi, puhelinvastaajan numeroon 0295 466 259 \u00e4\u00e4niviestin\u00e4 tai WhatsApp-viestin\u00e4 numeroon 050 4155 803.<\/li>\n<\/ul>\n<p class=\"paragraph\">L\u00e4hde: Lapin poliisilaitos<\/p>\n","protected":false},"excerpt":{"rendered":"75-vuotias nainen on ollut kateissa Lapissa jo 12 p\u00e4iv\u00e4\u00e4. Naista ei ole l\u00f6ydetty. Poliisi keskeytt\u00e4\u00e4 toistaiseksi kadonneen naisen&hellip;\n","protected":false},"author":2,"featured_media":81817,"comment_status":"","ping_status":"","sticky":false,"template":"","format":"standard","meta":{"footnotes":""},"categories":[12],"tags":[35,22,23,26,27,33,31,30,17,55,24,25,28,29,15,120,18,21,122,54,32,19,20,546,16],"class_list":{"0":"post-98894","1":"post","2":"type-post","3":"status-publish","4":"format-standard","5":"has-post-thumbnail","7":"category-suomi","8":"tag-24h","9":"tag-breaking-news","10":"tag-breakingnews","11":"tag-featured-news","12":"tag-featurednews","13":"tag-fi","14":"tag-finland","15":"tag-finnish","16":"tag-headlines","17":"tag-lainvalvonta","18":"tag-latest-news","19":"tag-latestnews","20":"tag-main-news","21":"tag-mainnews","22":"tag-news","23":"tag-onnettomuustapaus","24":"tag-otsikot","25":"tag-paauutiset","26":"tag-pelastaminen","27":"tag-pelastuspalvelut","28":"tag-suomi","29":"tag-top-stories","30":"tag-topstories","31":"tag-turvallisuus","32":"tag-uutiset"},"share_on_mastodon":{"url":"https:\/\/pubeurope.com\/@fi\/115605654010827989","error":""},"_links":{"self":[{"href":"https:\/\/www.europesays.com\/fi\/wp-json\/wp\/v2\/posts\/98894","targetHints":{"allow":["GET"]}}],"collection":[{"href":"https:\/\/www.europesays.com\/fi\/wp-json\/wp\/v2\/posts"}],"about":[{"href":"https:\/\/www.europesays.com\/fi\/wp-json\/wp\/v2\/types\/post"}],"author":[{"embeddable":true,"href":"https:\/\/www.europesays.com\/fi\/wp-json\/wp\/v2\/users\/2"}],"replies":[{"embeddable":true,"href":"https:\/\/www.europesays.com\/fi\/wp-json\/wp\/v2\/comments?post=98894"}],"version-history":[{"count":0,"href":"https:\/\/www.europesays.com\/fi\/wp-json\/wp\/v2\/posts\/98894\/revisions"}],"wp:featuredmedia":[{"embeddable":true,"href":"https:\/\/www.europesays.com\/fi\/wp-json\/wp\/v2\/media\/81817"}],"wp:attachment":[{"href":"https:\/\/www.europesays.com\/fi\/wp-json\/wp\/v2\/media?parent=98894"}],"wp:term":[{"taxonomy":"category","embeddable":true,"href":"https:\/\/www.europesays.com\/fi\/wp-json\/wp\/v2\/categories?post=98894"},{"taxonomy":"post_tag","embeddable":true,"href":"https:\/\/www.europesays.com\/fi\/wp-json\/wp\/v2\/tags?post=98894"}],"curies":[{"name":"wp","href":"https:\/\/api.w.org\/{rel}","templated":true}]}}