{"id":98898,"date":"2025-11-24T16:49:11","date_gmt":"2025-11-24T16:49:11","guid":{"rendered":"https:\/\/www.europesays.com\/fi\/98898\/"},"modified":"2025-11-24T16:49:11","modified_gmt":"2025-11-24T16:49:11","slug":"usha-vance-nayttaytyi-ilman-sormusta","status":"publish","type":"post","link":"https:\/\/www.europesays.com\/fi\/98898\/","title":{"rendered":"Usha Vance n\u00e4ytt\u00e4ytyi ilman sormusta"},"content":{"rendered":"<p>Usha ja J.D. Vance meniv\u00e4t naimisiin vuonna 2014.<\/p>\n<p class=\"article-body mb-nof-24 px-nof-16\">Yhdysvaltojen varapresidentti <a class=\"article-personlink\" href=\"https:\/\/www.is.fi\/haku\/?query=J.D.%20Vancen\" rel=\"nofollow noopener\" target=\"_blank\">J.D. Vancen<\/a> vaimo <a class=\"article-personlink\" href=\"https:\/\/www.is.fi\/haku\/?query=Usha%20Vance\" rel=\"nofollow noopener\" target=\"_blank\">Usha Vance<\/a> k\u00e4\u00e4nsi p\u00e4it\u00e4, kun h\u00e4net n\u00e4htiin ilman sormusta. Huhut rakoilevasta avioliitosta yltyiv\u00e4t niin, ett\u00e4 Vancen tiedottajan t\u00e4ytyi kommentoida asiaa, kertoo <a class=\"article-genericlink\" href=\"https:\/\/people.com\/usha-vance-seen-without-wedding-ring-addresses-split-rumors-11855222\" rel=\"nofollow noopener\" target=\"_blank\">People<\/a>.<\/p>\n<p class=\"article-body mb-nof-24 px-nof-16\">Vance vieraili armeijan koulutuskeskuksessa <a class=\"article-personlink\" href=\"https:\/\/www.is.fi\/haku\/?query=Melania%20Trumpin\" rel=\"nofollow noopener\" target=\"_blank\">Melania Trumpin<\/a> kanssa viime viikon keskiviikkona. Huomio kuitenkin kiinnittyi Vancen sormukseen, joka loisti poissaolollaan.<\/p>\n<p class=\"article-body mb-nof-24 px-nof-16\">Esimerkiksi Vancen viimeisimp\u00e4\u00e4n <a class=\"article-genericlink\" href=\"https:\/\/www.instagram.com\/p\/DRU4vgNDudF\/\" rel=\"nofollow noopener\" target=\"_blank\">Instagram<\/a>-julkaisuun on moni kommentoinut puuttuvasta sormuksesta.<\/p>\n<p class=\"article-body mb-nof-24 px-nof-16\">\u2013 Usha on kolmen lapsen \u00e4iti, joka tiskaa paljon ja kylvett\u00e4\u00e4 lapsiaan. H\u00e4n unohtaa sormuksensa joskus, oli tiedottajan lausunto asiasta.<\/p>\n<p><img decoding=\"async\" src=\"https:\/\/www.europesays.com\/fi\/wp-content\/uploads\/2025\/11\/1764002950_761_468.jpg\" alt=\"Usha Vancen sormus oli j\u00e4\u00e4nyt matkasta.\" class=\"_Img_1rerz_1\" style=\"aspect-ratio:1.5011727912431587\" loading=\"eager\"\/><\/p>\n<p class=\"article-picture-caption\">Usha Vancen sormus oli j\u00e4\u00e4nyt matkasta. Kuva:\u00a0Anna Moneymaker \/ AFP<\/p>\n<p class=\"article-body mb-nof-24 px-nof-16\">Vancet ovat olleet naimisissa vuodesta 2014 asti, ja heill\u00e4 on kolme yhteist\u00e4 lasta. Viime viikkojen aikana avioliitto on kuitenkin joutunut suurennuslasin alle, sill\u00e4 J.D. Vance ja oikeistoaktivisti <a class=\"article-personlink\" href=\"https:\/\/www.is.fi\/haku\/?query=Charlie%20Kirkin\" rel=\"nofollow noopener\" target=\"_blank\">Charlie Kirkin<\/a> leskivaimo <a class=\"article-personlink\" href=\"https:\/\/www.is.fi\/haku\/?query=Erika%20Kirk\" rel=\"nofollow noopener\" target=\"_blank\">Erika Kirk<\/a> ovat n\u00e4ytt\u00e4ytyneet monen mielest\u00e4 ep\u00e4ilytt\u00e4v\u00e4n l\u00e4heisiss\u00e4 tunnelmissa.<\/p>\n<p class=\"article-body mb-nof-24 px-nof-16\">Vancen ja Kirkin syleilyst\u00e4 tuli marraskuun alussa viraaliaihe sosiaalisessa mediassa. Tiukassa halauksessa Kirk laittoi k\u00e4tens\u00e4 Vancen hiuksiin, joka puolestaan laski k\u00e4tens\u00e4 Kirkin vy\u00f6t\u00e4r\u00f6lle.<\/p>\n<p><img decoding=\"async\" src=\"https:\/\/www.europesays.com\/fi\/wp-content\/uploads\/2025\/11\/1764002951_554_468.jpg\" alt=\"\" class=\"_Img_1rerz_1\" style=\"aspect-ratio:1.5\" loading=\"eager\"\/><\/p>\n<p class=\"article-picture-caption\">Kuva:\u00a0Gage Skidmore \/ ZUMA<\/p>\n<p class=\"article-body mb-nof-24 px-nof-16\">Sek\u00e4 monet sosiaalisen median kommentoijat ett\u00e4 kehonkielen asiantuntijat arvioivat eleen intiimiksi. Erityisesti Kirkin k\u00e4det Vancen hiuksissa saivat aikaan kuohuntaa.<\/p>\n<p class=\"article-body mb-nof-24 px-nof-16\">\u2013 Se on superintiimi liike ja sen lis\u00e4ksi se kontrolloi miehen huomiota eli sit\u00e4, mit\u00e4 h\u00e4n katsoo, sanoi kehonkielen asiantuntija ja k\u00e4ytt\u00e4ytymisanalyytikko <a class=\"article-personlink\" href=\"https:\/\/www.is.fi\/haku\/?query=Traci%20Brown\" rel=\"nofollow noopener\" target=\"_blank\">Traci Brown<\/a> The <a class=\"article-genericlink\" href=\"https:\/\/www.huffpost.com\/entry\/jd-vance-erika-kirk-hug-body-language_l_6908bfece4b00afef15fa5ff\/amp\" rel=\"nofollow noopener\" target=\"_blank\">Huffington Postille<\/a>.<\/p>\n<p class=\"article-body mb-nof-24 px-nof-16\">Lis\u00e4maustetta kohulle antoi Kirkin lausunto Vancen ja Charlie Kirkin yhtenev\u00e4isyyksist\u00e4.<\/p>\n<p class=\"article-body mb-nof-24 px-nof-16\">\u2013 Kukaan ei koskaan tule korvaamaan aviomiest\u00e4ni. Ei. Mutta n\u00e4en joitakin samankaltaisuuksia h\u00e4ness\u00e4 ja varapresidentti J.D. Vancessa. Siksi olen niin siunattu, kun saan esitell\u00e4 h\u00e4net \u2013 sill\u00e4 h\u00e4n on uskomaton mies, sanoi Erika Kirk.<\/p>\n<p><script async src=\"\/\/www.instagram.com\/embed.js\"><\/script><\/p>\n","protected":false},"excerpt":{"rendered":"Usha ja J.D. Vance meniv\u00e4t naimisiin vuonna 2014. Yhdysvaltojen varapresidentti J.D. Vancen vaimo Usha Vance k\u00e4\u00e4nsi p\u00e4it\u00e4, kun&hellip;\n","protected":false},"author":2,"featured_media":98899,"comment_status":"","ping_status":"","sticky":false,"template":"","format":"standard","meta":{"footnotes":""},"categories":[136],"tags":[407,137,33,31,30,34,408,32,109],"class_list":{"0":"post-98898","1":"post","2":"type-post","3":"status-publish","4":"format-standard","5":"has-post-thumbnail","7":"category-julkkikset","8":"tag-celebrities","9":"tag-entertainment","10":"tag-fi","11":"tag-finland","12":"tag-finnish","13":"tag-ilta-sanomat","14":"tag-julkkikset","15":"tag-suomi","16":"tag-viihde"},"share_on_mastodon":{"url":"https:\/\/pubeurope.com\/@fi\/115605704942716675","error":""},"_links":{"self":[{"href":"https:\/\/www.europesays.com\/fi\/wp-json\/wp\/v2\/posts\/98898","targetHints":{"allow":["GET"]}}],"collection":[{"href":"https:\/\/www.europesays.com\/fi\/wp-json\/wp\/v2\/posts"}],"about":[{"href":"https:\/\/www.europesays.com\/fi\/wp-json\/wp\/v2\/types\/post"}],"author":[{"embeddable":true,"href":"https:\/\/www.europesays.com\/fi\/wp-json\/wp\/v2\/users\/2"}],"replies":[{"embeddable":true,"href":"https:\/\/www.europesays.com\/fi\/wp-json\/wp\/v2\/comments?post=98898"}],"version-history":[{"count":0,"href":"https:\/\/www.europesays.com\/fi\/wp-json\/wp\/v2\/posts\/98898\/revisions"}],"wp:featuredmedia":[{"embeddable":true,"href":"https:\/\/www.europesays.com\/fi\/wp-json\/wp\/v2\/media\/98899"}],"wp:attachment":[{"href":"https:\/\/www.europesays.com\/fi\/wp-json\/wp\/v2\/media?parent=98898"}],"wp:term":[{"taxonomy":"category","embeddable":true,"href":"https:\/\/www.europesays.com\/fi\/wp-json\/wp\/v2\/categories?post=98898"},{"taxonomy":"post_tag","embeddable":true,"href":"https:\/\/www.europesays.com\/fi\/wp-json\/wp\/v2\/tags?post=98898"}],"curies":[{"name":"wp","href":"https:\/\/api.w.org\/{rel}","templated":true}]}}