{"id":98921,"date":"2025-11-24T17:22:09","date_gmt":"2025-11-24T17:22:09","guid":{"rendered":"https:\/\/www.europesays.com\/fi\/98921\/"},"modified":"2025-11-24T17:22:09","modified_gmt":"2025-11-24T17:22:09","slug":"kokkolassa-mestis-kauden-ensimmaiset-valmentajapotkut-%e2%88%92-simo-karjalainen-ottaa-ohjat-hermeksessa-jatkoaika-com","status":"publish","type":"post","link":"https:\/\/www.europesays.com\/fi\/98921\/","title":{"rendered":"Kokkolassa Mestis-kauden ensimm\u00e4iset valmentajapotkut \u2212 Simo Karjalainen ottaa ohjat Hermeksess\u00e4 &#8211; Jatkoaika.com"},"content":{"rendered":"<ol>\n<li><a href=\"https:\/\/news.google.com\/rss\/articles\/CBMi6wFBVV95cUxNcmNkVDROdlBueHYxRzFjZGhWRzBRTDNkd0dkMHNNTElaMjJwS2RTZU16YjdDckRkSVMwRHlnSTVud3FxVjJkUkNsTktfcGZUNTNuNkpsbWxVWWFrNUhrdS1VbGctOXdoSG5fM1ZHMGg3WHc2bWwxWllJZzVlLWNPbzdKdTRVOHROZ3V5aU52cDgtTDFPekZzcHBWclhQUlRUN045bnROd1JWcVU3REt5bnJMWnRTeVVfSXlaX3J5OVFPbzc1QzExRTU2WERySElqamF5WmNMUjV3LUtNWXVLNnkxb0s1WkFIa1Q4?oc=5\" target=\"_blank\" rel=\"nofollow noopener\">Kokkolassa Mestis-kauden ensimm\u00e4iset valmentajapotkut \u2212 Simo Karjalainen ottaa ohjat Hermeksess\u00e4<\/a>&nbsp;&nbsp;Jatkoaika.com<\/li>\n<li><a href=\"https:\/\/news.google.com\/rss\/articles\/CBMiQkFVX3lxTE11R3hyOElTRV82d0xmSlhHLTlsWEYzck9ueHpvZXRxUzR6bE56X2c3SE95R0E1OE9XbVM0WnRpd2ljZw?oc=5\" target=\"_blank\" rel=\"nofollow noopener\">Mestisjoukkue Kokkolan Hermes erotti p\u00e4\u00e4valmentajansa<\/a>&nbsp;&nbsp;Yle<\/li>\n<li><a href=\"https:\/\/news.google.com\/rss\/articles\/CBMimAFBVV95cUxNRTZreXZTTnQyVURrSnQ2R01CSHYwel9jOGZWZWFuMkE0M0hpU3JIc3R6eGdZQVM3SmVsSEFCSnNzR1JqcmMyU2VFRHJQRXdMdmFuU0xvMGtLSi1XbTZFems1eVJ0MUtTdzNEejQycENtSlltdUdvX0lLaXczX21raEFHbmx6dWpqYU5obnBWT3k2MTl5NEhzTA?oc=5\" target=\"_blank\" rel=\"nofollow noopener\">Hermes erotti valmentajansa Anders Eriks\u00e9nin vain puolen vuoden j\u00e4lkeen<\/a>&nbsp;&nbsp;Keskipohjanmaa<\/li>\n<li><a href=\"https:\/\/news.google.com\/rss\/articles\/CBMiggFBVV95cUxNeE9QZ1BEckpNUmJlNzh2VDdzOThEc2FmMzJqdFgyLV8tRFZDSEZhT1hVRTV1YmpsOUFNWVlNNTRDZzhuMDlDaXFsdUtZR3FGQTlvZGIxRENhSW1ndFo4TW81NC1OaHVpWUFlbkpINkJDZkd0VWF2Vk14RUFUdEdlN0l3?oc=5\" target=\"_blank\" rel=\"nofollow noopener\">Mestiksess\u00e4 rys\u00e4hti: p\u00e4\u00e4valmentajapotkut!<\/a>&nbsp;&nbsp;SuomiKiekko<\/li>\n<li><a href=\"https:\/\/news.google.com\/rss\/articles\/CBMid0FVX3lxTE55X3RqejBQQ1VYdW9tbXRfZkNnWWtDVk9KQ1lHd0lrdll2SHJjUUZKVWJSV0pOUFFkdC04RHFzT2Zsb1MtWUtRcko2UGVaQWx6UGMtVklnQks3cnBxalUzTTJOT0ZEWnVGLUd4aTJlOFBFQW9nRC1r?oc=5\" target=\"_blank\" rel=\"nofollow noopener\">Mestis-seura erotti valmentajansa<\/a>&nbsp;&nbsp;Sportti.com<\/li>\n<\/ol>\n","protected":false},"excerpt":{"rendered":"Kokkolassa Mestis-kauden ensimm\u00e4iset valmentajapotkut \u2212 Simo Karjalainen ottaa ohjat Hermeksess\u00e4&nbsp;&nbsp;Jatkoaika.com Mestisjoukkue Kokkolan Hermes erotti p\u00e4\u00e4valmentajansa&nbsp;&nbsp;Yle Hermes erotti valmentajansa&hellip;\n","protected":false},"author":2,"featured_media":98922,"comment_status":"","ping_status":"","sticky":false,"template":"","format":"standard","meta":{"footnotes":""},"categories":[158],"tags":[33,31,30,19131,159,32,160],"class_list":{"0":"post-98921","1":"post","2":"type-post","3":"status-publish","4":"format-standard","5":"has-post-thumbnail","7":"category-urheilu","8":"tag-fi","9":"tag-finland","10":"tag-finnish","11":"tag-kokkolassa-mestis-kauden-ensimmaiset-valmentajapotkut--simo-karjalainen-ottaa-ohjat-hermeksessa-mestis-24-11-2025-uutiset-jatkoaika-com-kaikki-jaakiekosta","12":"tag-sports","13":"tag-suomi","14":"tag-urheilu"},"share_on_mastodon":{"url":"https:\/\/pubeurope.com\/@fi\/115605834551347193","error":""},"_links":{"self":[{"href":"https:\/\/www.europesays.com\/fi\/wp-json\/wp\/v2\/posts\/98921","targetHints":{"allow":["GET"]}}],"collection":[{"href":"https:\/\/www.europesays.com\/fi\/wp-json\/wp\/v2\/posts"}],"about":[{"href":"https:\/\/www.europesays.com\/fi\/wp-json\/wp\/v2\/types\/post"}],"author":[{"embeddable":true,"href":"https:\/\/www.europesays.com\/fi\/wp-json\/wp\/v2\/users\/2"}],"replies":[{"embeddable":true,"href":"https:\/\/www.europesays.com\/fi\/wp-json\/wp\/v2\/comments?post=98921"}],"version-history":[{"count":0,"href":"https:\/\/www.europesays.com\/fi\/wp-json\/wp\/v2\/posts\/98921\/revisions"}],"wp:featuredmedia":[{"embeddable":true,"href":"https:\/\/www.europesays.com\/fi\/wp-json\/wp\/v2\/media\/98922"}],"wp:attachment":[{"href":"https:\/\/www.europesays.com\/fi\/wp-json\/wp\/v2\/media?parent=98921"}],"wp:term":[{"taxonomy":"category","embeddable":true,"href":"https:\/\/www.europesays.com\/fi\/wp-json\/wp\/v2\/categories?post=98921"},{"taxonomy":"post_tag","embeddable":true,"href":"https:\/\/www.europesays.com\/fi\/wp-json\/wp\/v2\/tags?post=98921"}],"curies":[{"name":"wp","href":"https:\/\/api.w.org\/{rel}","templated":true}]}}